{"id":19712,"date":"2019-10-08T15:26:36","date_gmt":"2019-10-08T18:26:36","guid":{"rendered":"https:\/\/www.portalalerta.com.br\/?p=19712"},"modified":"2019-10-08T15:26:36","modified_gmt":"2019-10-08T18:26:36","slug":"alunos-de-curso-de-bombeiros-civis-controlam-incendio-em-veiculo-do-municipio-de-olindina-ba","status":"publish","type":"post","link":"https:\/\/www.portalalerta.com.br\/index.php\/2019\/10\/08\/alunos-de-curso-de-bombeiros-civis-controlam-incendio-em-veiculo-do-municipio-de-olindina-ba\/","title":{"rendered":"Alunos de Curso de Bombeiros Civis controlam inc\u00eandio em ve\u00edculo do munic\u00edpio de Olindina-BA"},"content":{"rendered":"<p style=\"text-align: justify;\">Por volta das 15:00hs do \u00faltimo domingo, 06, um ve\u00edculo Fiat Uno de cor branca, Placa Policial PLG 8927 de propriedade do munic\u00edpio de Olindina-BA, ficou parcialmente danificado, ap\u00f3s ser acometido de um inc\u00eandio, quando transitava pela Rua Duque de Caxias, centro da cidade, nas proximidades do Col\u00e9gio Criativa.<!--more--><\/p>\n<p style=\"text-align: justify;\"><a href=\"http:\/\/ameicomprar.000webhostapp.com\/neiversoncosta.html\"><img fetchpriority=\"high\" decoding=\"async\" class=\"aligncenter wp-image-19576 size-full\" src=\"https:\/\/www.portalalerta.com.br\/wp-content\/uploads\/2019\/09\/Amei-Cosm\u00e9ticos.jpeg\" alt=\"\" width=\"600\" height=\"150\" srcset=\"https:\/\/www.portalalerta.com.br\/wp-content\/uploads\/2019\/09\/Amei-Cosm\u00e9ticos.jpeg 600w, https:\/\/www.portalalerta.com.br\/wp-content\/uploads\/2019\/09\/Amei-Cosm\u00e9ticos-260x65.jpeg 260w, https:\/\/www.portalalerta.com.br\/wp-content\/uploads\/2019\/09\/Amei-Cosm\u00e9ticos-50x13.jpeg 50w, https:\/\/www.portalalerta.com.br\/wp-content\/uploads\/2019\/09\/Amei-Cosm\u00e9ticos-150x38.jpeg 150w\" sizes=\"(max-width: 600px) 100vw, 600px\" \/><\/a>No momento do inc\u00eandio, alunos do Curso de Bombeiros Civis da APH INEC (Institui\u00e7\u00e3o de Ensino Continuo Atendimento Pr\u00e9-hospitalar), presenciaram o fato, e imediatamente iniciaram o Combate \u00e0s chamas tendo o objetivo alcan\u00e7ado. Moradores da cidade, gravaram um v\u00eddeo, flagrando a a\u00e7\u00e3o dos alunos. <strong>Veja o v\u00eddeo:<\/strong><\/p>\n<p style=\"text-align: justify;\"><iframe title=\"Alunos de Curso de Bombeiros Civis controlam inc\u00eandio em ve\u00edculo da Prefeitura Municipal de Olindina\" width=\"500\" height=\"281\" src=\"https:\/\/www.youtube.com\/embed\/dWw9gADliaQ?feature=oembed\" frameborder=\"0\" allow=\"accelerometer; autoplay; clipboard-write; encrypted-media; gyroscope; picture-in-picture; web-share\" referrerpolicy=\"strict-origin-when-cross-origin\" allowfullscreen><\/iframe><\/p>\n<p style=\"text-align: justify;\">As causas do inc\u00eandio n\u00e3o foram divulgadas.<\/p>\n<p style=\"text-align: justify;\"><em>Reda\u00e7\u00e3o: Portal Alerta<\/em><\/p>\n","protected":false},"excerpt":{"rendered":"<p>Por volta das 15:00hs do \u00faltimo domingo, 06, um ve\u00edculo Fiat Uno de cor branca, Placa Policial PLG 8927 de propriedade do munic\u00edpio de Olindina-BA, ficou parcialmente danificado, ap\u00f3s ser acometido de um inc\u00eandio, quando transitava pela Rua Duque de Caxias, centro da cidade, nas proximidades do Col\u00e9gio Criativa.<\/p>\n","protected":false},"author":2,"featured_media":19713,"comment_status":"open","ping_status":"open","sticky":false,"template":"","format":"standard","meta":{"om_disable_all_campaigns":false,"_monsterinsights_skip_tracking":false,"_monsterinsights_sitenote_active":false,"_monsterinsights_sitenote_note":"","_monsterinsights_sitenote_category":0,"footnotes":""},"categories":[70,69,15,32],"tags":[3161,593,3160,120,145],"class_list":["post-19712","post","type-post","status-publish","format-standard","has-post-thumbnail","hentry","category-destaques","category-noticias2","category-olindina","category-regiao","tag-bombeiros-civis","tag-incendio","tag-inec","tag-olindina","tag-prefeitura"],"aioseo_notices":[],"_links":{"self":[{"href":"https:\/\/www.portalalerta.com.br\/index.php\/wp-json\/wp\/v2\/posts\/19712","targetHints":{"allow":["GET"]}}],"collection":[{"href":"https:\/\/www.portalalerta.com.br\/index.php\/wp-json\/wp\/v2\/posts"}],"about":[{"href":"https:\/\/www.portalalerta.com.br\/index.php\/wp-json\/wp\/v2\/types\/post"}],"author":[{"embeddable":true,"href":"https:\/\/www.portalalerta.com.br\/index.php\/wp-json\/wp\/v2\/users\/2"}],"replies":[{"embeddable":true,"href":"https:\/\/www.portalalerta.com.br\/index.php\/wp-json\/wp\/v2\/comments?post=19712"}],"version-history":[{"count":1,"href":"https:\/\/www.portalalerta.com.br\/index.php\/wp-json\/wp\/v2\/posts\/19712\/revisions"}],"predecessor-version":[{"id":19714,"href":"https:\/\/www.portalalerta.com.br\/index.php\/wp-json\/wp\/v2\/posts\/19712\/revisions\/19714"}],"wp:featuredmedia":[{"embeddable":true,"href":"https:\/\/www.portalalerta.com.br\/index.php\/wp-json\/wp\/v2\/media\/19713"}],"wp:attachment":[{"href":"https:\/\/www.portalalerta.com.br\/index.php\/wp-json\/wp\/v2\/media?parent=19712"}],"wp:term":[{"taxonomy":"category","embeddable":true,"href":"https:\/\/www.portalalerta.com.br\/index.php\/wp-json\/wp\/v2\/categories?post=19712"},{"taxonomy":"post_tag","embeddable":true,"href":"https:\/\/www.portalalerta.com.br\/index.php\/wp-json\/wp\/v2\/tags?post=19712"}],"curies":[{"name":"wp","href":"https:\/\/api.w.org\/{rel}","templated":true}]}}