{"id":19768,"date":"2019-10-15T13:08:47","date_gmt":"2019-10-15T16:08:47","guid":{"rendered":"https:\/\/www.portalalerta.com.br\/?p=19768"},"modified":"2019-10-15T13:14:14","modified_gmt":"2019-10-15T16:14:14","slug":"policia-civil-de-ribeira-do-pombal-divulga-balanco-de-ocorrencias-durante-festa-tradicional-da-cidade","status":"publish","type":"post","link":"https:\/\/www.portalalerta.com.br\/index.php\/2019\/10\/15\/policia-civil-de-ribeira-do-pombal-divulga-balanco-de-ocorrencias-durante-festa-tradicional-da-cidade\/","title":{"rendered":"Pol\u00edcia Civil de Ribeira do Pombal divulga balan\u00e7o de ocorr\u00eancias durante Festa Tradicional da cidade"},"content":{"rendered":"<p style=\"text-align: justify;\">O \u00faltimo final de semana foi marcado por uma das maiores festas do m\u00eas de outubro, tradicionalmente realizada em Ribeira do Pombal-BA, durante os festejos da padroeira da cidade.<!--more--><\/p>\n<p style=\"text-align: justify;\">Al\u00e9m da Vaquejada realizada no Parque Segismundo Mac\u00eado, na Pra\u00e7a de Shows os foli\u00f5es puderam se divertir ao som das seguintes atra\u00e7\u00f5es: Magn\u00edficos, Parangol\u00e9, Arreio de Ouro, Top\u2019s da balada, Zezo, Biquini Cavad\u00e3o, Lambasaia, Marcelle Nascimento, Ed City, Avi\u00f5es do Forr\u00f3, Mano Walter, e Peu Pirata.<\/p>\n<p style=\"text-align: justify;\"><strong><a href=\"http:\/\/ameicomprar.000webhostapp.com\/neiversoncosta.html\"><img fetchpriority=\"high\" decoding=\"async\" class=\"size-full wp-image-19576 aligncenter\" src=\"https:\/\/www.portalalerta.com.br\/wp-content\/uploads\/2019\/09\/Amei-Cosm\u00e9ticos.jpeg\" alt=\"\" width=\"600\" height=\"150\" srcset=\"https:\/\/www.portalalerta.com.br\/wp-content\/uploads\/2019\/09\/Amei-Cosm\u00e9ticos.jpeg 600w, https:\/\/www.portalalerta.com.br\/wp-content\/uploads\/2019\/09\/Amei-Cosm\u00e9ticos-260x65.jpeg 260w, https:\/\/www.portalalerta.com.br\/wp-content\/uploads\/2019\/09\/Amei-Cosm\u00e9ticos-50x13.jpeg 50w, https:\/\/www.portalalerta.com.br\/wp-content\/uploads\/2019\/09\/Amei-Cosm\u00e9ticos-150x38.jpeg 150w\" sizes=\"(max-width: 600px) 100vw, 600px\" \/><\/a>Ocorr\u00eancias Policiais<\/strong><\/p>\n<p style=\"text-align: justify;\">A Pol\u00edcia Civil, atrav\u00e9s do Delegado Titular da cidade, Dr. Edemir Luchini, divulgou o balan\u00e7o de registros de ocorr\u00eancias durante os dias em que ocorreu o evento. Confira:<\/p>\n<p style=\"text-align: justify;\">Sexta-feira, 11 \u2013 01 auto de pris\u00e3o em flagrante por porte ilegal de arma de fogo e amea\u00e7a, 01 auto de pris\u00e3o em flagrante por recepta\u00e7\u00e3o de motocicleta e posse de entorpecente, 01 cumprimento de mandado de pris\u00e3o preventiva pelas equipes das pol\u00edcias civil e militar, e 01 auto de pris\u00e3o em flagrante por crime de dano contra uma Ag\u00eancia Banc\u00e1ria.<\/p>\n<p style=\"text-align: justify;\">S\u00e1bado, 12 \u2013 01 auto de pris\u00e3o em flagrante por embriaguez.<\/p>\n<p style=\"text-align: justify;\">Domingo, 13 \u2013 01 Termo Circunstanciado de Ocorr\u00eancia (TCO) por desacato.<\/p>\n<p style=\"text-align: justify;\">Ao todo foram registrados 17 furtos de aparelhos celulares, e 18 ocorr\u00eancias como: embriaguez, les\u00e3o corporal leve, vias de fato, amea\u00e7a, viol\u00eancia dom\u00e9stica, provoca\u00e7\u00e3o de tumulto, e posse\/porte\/ consumo de drogas.<\/p>\n<p style=\"text-align: justify;\">Ainda de acordo com Dr. Edemir, houve uma diminui\u00e7\u00e3o em 50% das ocorr\u00eancias registradas em 2017 e 2018.<\/p>\n<p style=\"text-align: justify;\"><em>Reda\u00e7\u00e3o: Portal Alerta<\/em><\/p>\n","protected":false},"excerpt":{"rendered":"<p>O \u00faltimo final de semana foi marcado por uma das maiores festas do m\u00eas de outubro, tradicionalmente realizada em Ribeira do Pombal-BA, durante os festejos da padroeira da cidade.<\/p>\n","protected":false},"author":2,"featured_media":19770,"comment_status":"open","ping_status":"open","sticky":false,"template":"","format":"standard","meta":{"om_disable_all_campaigns":false,"_monsterinsights_skip_tracking":false,"_monsterinsights_sitenote_active":false,"_monsterinsights_sitenote_note":"","_monsterinsights_sitenote_category":0,"footnotes":""},"categories":[70,36,69,32,3,22],"tags":[1887,914,3168,122,47],"class_list":["post-19768","post","type-post","status-publish","format-standard","has-post-thumbnail","hentry","category-destaques","category-lazer","category-noticias2","category-regiao","category-ribeira-do-pombal","category-seguranca","tag-1887","tag-festa-de-outubro","tag-ocorrencias","tag-policia-civil","tag-ribeira-do-pombal"],"aioseo_notices":[],"_links":{"self":[{"href":"https:\/\/www.portalalerta.com.br\/index.php\/wp-json\/wp\/v2\/posts\/19768","targetHints":{"allow":["GET"]}}],"collection":[{"href":"https:\/\/www.portalalerta.com.br\/index.php\/wp-json\/wp\/v2\/posts"}],"about":[{"href":"https:\/\/www.portalalerta.com.br\/index.php\/wp-json\/wp\/v2\/types\/post"}],"author":[{"embeddable":true,"href":"https:\/\/www.portalalerta.com.br\/index.php\/wp-json\/wp\/v2\/users\/2"}],"replies":[{"embeddable":true,"href":"https:\/\/www.portalalerta.com.br\/index.php\/wp-json\/wp\/v2\/comments?post=19768"}],"version-history":[{"count":3,"href":"https:\/\/www.portalalerta.com.br\/index.php\/wp-json\/wp\/v2\/posts\/19768\/revisions"}],"predecessor-version":[{"id":19773,"href":"https:\/\/www.portalalerta.com.br\/index.php\/wp-json\/wp\/v2\/posts\/19768\/revisions\/19773"}],"wp:featuredmedia":[{"embeddable":true,"href":"https:\/\/www.portalalerta.com.br\/index.php\/wp-json\/wp\/v2\/media\/19770"}],"wp:attachment":[{"href":"https:\/\/www.portalalerta.com.br\/index.php\/wp-json\/wp\/v2\/media?parent=19768"}],"wp:term":[{"taxonomy":"category","embeddable":true,"href":"https:\/\/www.portalalerta.com.br\/index.php\/wp-json\/wp\/v2\/categories?post=19768"},{"taxonomy":"post_tag","embeddable":true,"href":"https:\/\/www.portalalerta.com.br\/index.php\/wp-json\/wp\/v2\/tags?post=19768"}],"curies":[{"name":"wp","href":"https:\/\/api.w.org\/{rel}","templated":true}]}}