{"id":19914,"date":"2019-10-29T12:23:58","date_gmt":"2019-10-29T15:23:58","guid":{"rendered":"https:\/\/www.portalalerta.com.br\/?p=19914"},"modified":"2019-10-29T12:23:58","modified_gmt":"2019-10-29T15:23:58","slug":"homem-e-baleado-durante-discussao-em-povoado-de-ribeira-do-pombal-ba","status":"publish","type":"post","link":"https:\/\/www.portalalerta.com.br\/index.php\/2019\/10\/29\/homem-e-baleado-durante-discussao-em-povoado-de-ribeira-do-pombal-ba\/","title":{"rendered":"Homem \u00e9 baleado durante discuss\u00e3o em povoado de Ribeira do Pombal-BA"},"content":{"rendered":"<p style=\"text-align: justify;\">Na manh\u00e3 do \u00faltimo domingo, 27, um homem deu entrada na Emerg\u00eancia do Hospital Geral Santa Tereza, em Ribeira do Pombal-BA, v\u00edtima de um disparo de arma de fogo, fato ocorrido no povoado Ab\u00f3bora, zona rural do referido munic\u00edpio.<!--more--><\/p>\n<p style=\"text-align: justify;\">O caso foi informado aos Policiais militares da cidade, que se dirigiram at\u00e9 o referido povoado, n\u00e3o encontrando nenhum dos envolvidos, por\u00e9m foram informados que tudo aconteceu durante uma discuss\u00e3o. A v\u00edtima, conhecida na localidade como \u201cBeto\u201d, foi alvejada por um disparo de espingarda de socar, nas costas, sendo socorrida por populares at\u00e9 o Hospital em quest\u00e3o, onde foi submetido a um procedimento cir\u00fargico para a retirada dos chumbos, mas n\u00e3o corre risco de morte.<\/p>\n<p style=\"text-align: justify;\"><img fetchpriority=\"high\" decoding=\"async\" class=\"size-thumbnail wp-image-4869 aligncenter\" src=\"https:\/\/www.portalalerta.com.br\/wp-content\/uploads\/2018\/02\/Auto-Escola-Nobre-720x181.jpg\" alt=\"\" width=\"720\" height=\"181\" srcset=\"https:\/\/www.portalalerta.com.br\/wp-content\/uploads\/2018\/02\/Auto-Escola-Nobre.jpg 720w, https:\/\/www.portalalerta.com.br\/wp-content\/uploads\/2018\/02\/Auto-Escola-Nobre-260x65.jpg 260w, https:\/\/www.portalalerta.com.br\/wp-content\/uploads\/2018\/02\/Auto-Escola-Nobre-50x13.jpg 50w, https:\/\/www.portalalerta.com.br\/wp-content\/uploads\/2018\/02\/Auto-Escola-Nobre-150x38.jpg 150w\" sizes=\"(max-width: 720px) 100vw, 720px\" \/>De acordo com Beto, o autor dos disparos teria sido um homem conhecido como \u201cZ\u00e9 Bode\u201d, que segundo ele \u00e9 irm\u00e3o da pessoa com quem discutia.<\/p>\n<p style=\"text-align: justify;\">A v\u00edtima foi instru\u00edda a se dirigir at\u00e9 a Delegacia de Pol\u00edcia Civil da cidade, t\u00e3o logo receba alta hospitalar, para o registro da ocorr\u00eancia.<\/p>\n<p style=\"text-align: justify;\"><em>Reda\u00e7\u00e3o: Portal Alerta <\/em><\/p>\n","protected":false},"excerpt":{"rendered":"<p>Na manh\u00e3 do \u00faltimo domingo, 27, um homem deu entrada na Emerg\u00eancia do Hospital Geral Santa Tereza, em Ribeira do Pombal-BA, v\u00edtima de um disparo de arma de fogo, fato ocorrido no povoado Ab\u00f3bora, zona rural do referido munic\u00edpio.<\/p>\n","protected":false},"author":2,"featured_media":4707,"comment_status":"open","ping_status":"open","sticky":false,"template":"","format":"standard","meta":{"om_disable_all_campaigns":false,"_monsterinsights_skip_tracking":false,"_monsterinsights_sitenote_active":false,"_monsterinsights_sitenote_note":"","_monsterinsights_sitenote_category":0,"footnotes":""},"categories":[70,69,32,3,22],"tags":[163,128,299,229,47],"class_list":["post-19914","post","type-post","status-publish","format-standard","has-post-thumbnail","hentry","category-destaques","category-noticias2","category-regiao","category-ribeira-do-pombal","category-seguranca","tag-baleado","tag-disparo-de-arma-de-fogo","tag-ferido","tag-povoado","tag-ribeira-do-pombal"],"aioseo_notices":[],"_links":{"self":[{"href":"https:\/\/www.portalalerta.com.br\/index.php\/wp-json\/wp\/v2\/posts\/19914","targetHints":{"allow":["GET"]}}],"collection":[{"href":"https:\/\/www.portalalerta.com.br\/index.php\/wp-json\/wp\/v2\/posts"}],"about":[{"href":"https:\/\/www.portalalerta.com.br\/index.php\/wp-json\/wp\/v2\/types\/post"}],"author":[{"embeddable":true,"href":"https:\/\/www.portalalerta.com.br\/index.php\/wp-json\/wp\/v2\/users\/2"}],"replies":[{"embeddable":true,"href":"https:\/\/www.portalalerta.com.br\/index.php\/wp-json\/wp\/v2\/comments?post=19914"}],"version-history":[{"count":1,"href":"https:\/\/www.portalalerta.com.br\/index.php\/wp-json\/wp\/v2\/posts\/19914\/revisions"}],"predecessor-version":[{"id":19915,"href":"https:\/\/www.portalalerta.com.br\/index.php\/wp-json\/wp\/v2\/posts\/19914\/revisions\/19915"}],"wp:featuredmedia":[{"embeddable":true,"href":"https:\/\/www.portalalerta.com.br\/index.php\/wp-json\/wp\/v2\/media\/4707"}],"wp:attachment":[{"href":"https:\/\/www.portalalerta.com.br\/index.php\/wp-json\/wp\/v2\/media?parent=19914"}],"wp:term":[{"taxonomy":"category","embeddable":true,"href":"https:\/\/www.portalalerta.com.br\/index.php\/wp-json\/wp\/v2\/categories?post=19914"},{"taxonomy":"post_tag","embeddable":true,"href":"https:\/\/www.portalalerta.com.br\/index.php\/wp-json\/wp\/v2\/tags?post=19914"}],"curies":[{"name":"wp","href":"https:\/\/api.w.org\/{rel}","templated":true}]}}