{"id":19916,"date":"2019-10-29T22:47:36","date_gmt":"2019-10-30T01:47:36","guid":{"rendered":"https:\/\/www.portalalerta.com.br\/?p=19916"},"modified":"2019-10-29T22:47:36","modified_gmt":"2019-10-30T01:47:36","slug":"acidente-envolvendo-ambulancia-de-paulo-afonso-ba-deixa-dois-feridos-em-antas-ba","status":"publish","type":"post","link":"https:\/\/www.portalalerta.com.br\/index.php\/2019\/10\/29\/acidente-envolvendo-ambulancia-de-paulo-afonso-ba-deixa-dois-feridos-em-antas-ba\/","title":{"rendered":"Acidente envolvendo ambul\u00e2ncia de Paulo Afonso-BA deixa dois feridos em Antas-BA"},"content":{"rendered":"<p style=\"text-align: justify;\">Um acidente envolvendo uma ambul\u00e2ncia da prefeitura municipal de Paulo Afonso-BA e um Fiat P\u00e1lio de cor azul, demais dados n\u00e3o informados, deixou duas pessoas feridas na madrugada de domingo (27), na cidade de Antas-BA.<!--more--><\/p>\n<p style=\"text-align: justify;\"><img fetchpriority=\"high\" decoding=\"async\" class=\"size-thumbnail wp-image-18400 aligncenter\" src=\"https:\/\/www.portalalerta.com.br\/wp-content\/uploads\/2019\/07\/Real-Estilo-e-Voc\u00ea-633x240.jpeg\" alt=\"\" width=\"633\" height=\"240\" srcset=\"https:\/\/www.portalalerta.com.br\/wp-content\/uploads\/2019\/07\/Real-Estilo-e-Voc\u00ea-633x240.jpeg 633w, https:\/\/www.portalalerta.com.br\/wp-content\/uploads\/2019\/07\/Real-Estilo-e-Voc\u00ea-260x99.jpeg 260w, https:\/\/www.portalalerta.com.br\/wp-content\/uploads\/2019\/07\/Real-Estilo-e-Voc\u00ea-50x19.jpeg 50w, https:\/\/www.portalalerta.com.br\/wp-content\/uploads\/2019\/07\/Real-Estilo-e-Voc\u00ea-150x57.jpeg 150w, https:\/\/www.portalalerta.com.br\/wp-content\/uploads\/2019\/07\/Real-Estilo-e-Voc\u00ea.jpeg 720w\" sizes=\"(max-width: 633px) 100vw, 633px\" \/>Conforme as informa\u00e7\u00f5es, o ve\u00edculo bateu na ambul\u00e2ncia antes de capotar tr\u00eas vezes. N\u00e3o h\u00e1 mais detalhes sobre as circunst\u00e2ncias do acidente.<\/p>\n<p style=\"text-align: justify;\"><img decoding=\"async\" class=\"aligncenter wp-image-19917 size-full\" src=\"https:\/\/www.portalalerta.com.br\/wp-content\/uploads\/2019\/10\/acidente-em-Antas-2019.1.jpg\" alt=\"\" width=\"500\" height=\"300\" srcset=\"https:\/\/www.portalalerta.com.br\/wp-content\/uploads\/2019\/10\/acidente-em-Antas-2019.1.jpg 500w, https:\/\/www.portalalerta.com.br\/wp-content\/uploads\/2019\/10\/acidente-em-Antas-2019.1-400x240.jpg 400w, https:\/\/www.portalalerta.com.br\/wp-content\/uploads\/2019\/10\/acidente-em-Antas-2019.1-243x146.jpg 243w, https:\/\/www.portalalerta.com.br\/wp-content\/uploads\/2019\/10\/acidente-em-Antas-2019.1-50x30.jpg 50w, https:\/\/www.portalalerta.com.br\/wp-content\/uploads\/2019\/10\/acidente-em-Antas-2019.1-125x75.jpg 125w, https:\/\/www.portalalerta.com.br\/wp-content\/uploads\/2019\/10\/acidente-em-Antas-2019.1-250x150.jpg 250w\" sizes=\"(max-width: 500px) 100vw, 500px\" \/>Ainda de acordo com as informa\u00e7\u00f5es, as v\u00edtimas estavam na ambul\u00e2ncia retornavam da capital baiana. Elas n\u00e3o tiveram as identidades divulgadas. Os feridos foram socorridos para o hospital Nair Alves de Souza em Paulo Afonso.<\/p>\n<p style=\"text-align: justify;\"><em>Fonte: Chico Sabe Tudo <\/em><\/p>\n","protected":false},"excerpt":{"rendered":"<p>Um acidente envolvendo uma ambul\u00e2ncia da prefeitura municipal de Paulo Afonso-BA e um Fiat P\u00e1lio de cor azul, demais dados n\u00e3o informados, deixou duas pessoas feridas na madrugada de domingo (27), na cidade de Antas-BA.<\/p>\n","protected":false},"author":2,"featured_media":19918,"comment_status":"open","ping_status":"open","sticky":false,"template":"","format":"standard","meta":{"om_disable_all_campaigns":false,"_monsterinsights_skip_tracking":false,"_monsterinsights_sitenote_active":false,"_monsterinsights_sitenote_note":"","_monsterinsights_sitenote_category":0,"footnotes":""},"categories":[5,70,69,32],"tags":[166,1215,71,126,393,118],"class_list":["post-19916","post","type-post","status-publish","format-standard","has-post-thumbnail","hentry","category-antas","category-destaques","category-noticias2","category-regiao","tag-acidente","tag-ambulancia","tag-antas","tag-br-110","tag-feridos","tag-paulo-afonso"],"aioseo_notices":[],"_links":{"self":[{"href":"https:\/\/www.portalalerta.com.br\/index.php\/wp-json\/wp\/v2\/posts\/19916","targetHints":{"allow":["GET"]}}],"collection":[{"href":"https:\/\/www.portalalerta.com.br\/index.php\/wp-json\/wp\/v2\/posts"}],"about":[{"href":"https:\/\/www.portalalerta.com.br\/index.php\/wp-json\/wp\/v2\/types\/post"}],"author":[{"embeddable":true,"href":"https:\/\/www.portalalerta.com.br\/index.php\/wp-json\/wp\/v2\/users\/2"}],"replies":[{"embeddable":true,"href":"https:\/\/www.portalalerta.com.br\/index.php\/wp-json\/wp\/v2\/comments?post=19916"}],"version-history":[{"count":1,"href":"https:\/\/www.portalalerta.com.br\/index.php\/wp-json\/wp\/v2\/posts\/19916\/revisions"}],"predecessor-version":[{"id":19919,"href":"https:\/\/www.portalalerta.com.br\/index.php\/wp-json\/wp\/v2\/posts\/19916\/revisions\/19919"}],"wp:featuredmedia":[{"embeddable":true,"href":"https:\/\/www.portalalerta.com.br\/index.php\/wp-json\/wp\/v2\/media\/19918"}],"wp:attachment":[{"href":"https:\/\/www.portalalerta.com.br\/index.php\/wp-json\/wp\/v2\/media?parent=19916"}],"wp:term":[{"taxonomy":"category","embeddable":true,"href":"https:\/\/www.portalalerta.com.br\/index.php\/wp-json\/wp\/v2\/categories?post=19916"},{"taxonomy":"post_tag","embeddable":true,"href":"https:\/\/www.portalalerta.com.br\/index.php\/wp-json\/wp\/v2\/tags?post=19916"}],"curies":[{"name":"wp","href":"https:\/\/api.w.org\/{rel}","templated":true}]}}