{"id":19921,"date":"2019-10-29T22:55:33","date_gmt":"2019-10-30T01:55:33","guid":{"rendered":"https:\/\/www.portalalerta.com.br\/?p=19921"},"modified":"2019-10-29T22:55:33","modified_gmt":"2019-10-30T01:55:33","slug":"forcas-armadas-prenderam-127-pessoas-em-acoes-de-combate-a-fogo-na-amazonia","status":"publish","type":"post","link":"https:\/\/www.portalalerta.com.br\/index.php\/2019\/10\/29\/forcas-armadas-prenderam-127-pessoas-em-acoes-de-combate-a-fogo-na-amazonia\/","title":{"rendered":"For\u00e7as Armadas prenderam 127 pessoas em a\u00e7\u00f5es de combate \u00e0 fogo na Amaz\u00f4nia"},"content":{"rendered":"<p style=\"text-align: justify;\">As a\u00e7\u00f5es coordenadas pelas For\u00e7as Armadas entre 24 de agosto e 24 de outubro, para o combate dos inc\u00eandios na regi\u00e3o amaz\u00f4nica, resultaram na deten\u00e7\u00e3o de 127 pessoas.<!--more--><\/p>\n<p style=\"text-align: justify;\">O dado foi informado nesta ter\u00e7a-feira (29), pelo Minist\u00e9rio da Defesa. No total, segundo informa\u00e7\u00f5es da Pasta, 1.835 focos de inc\u00eandio foram combatidos durante os dois meses das opera\u00e7\u00f5es do que o governo batizou de \u201cOpera\u00e7\u00e3o Verde Brasil\u201d.<\/p>\n<p style=\"text-align: justify;\"><a href=\"http:\/\/ameicomprar.000webhostapp.com\/neiversoncosta.html\"><img fetchpriority=\"high\" decoding=\"async\" class=\"size-full wp-image-19576 aligncenter\" src=\"https:\/\/www.portalalerta.com.br\/wp-content\/uploads\/2019\/09\/Amei-Cosm\u00e9ticos.jpeg\" alt=\"\" width=\"600\" height=\"150\" srcset=\"https:\/\/www.portalalerta.com.br\/wp-content\/uploads\/2019\/09\/Amei-Cosm\u00e9ticos.jpeg 600w, https:\/\/www.portalalerta.com.br\/wp-content\/uploads\/2019\/09\/Amei-Cosm\u00e9ticos-260x65.jpeg 260w, https:\/\/www.portalalerta.com.br\/wp-content\/uploads\/2019\/09\/Amei-Cosm\u00e9ticos-50x13.jpeg 50w, https:\/\/www.portalalerta.com.br\/wp-content\/uploads\/2019\/09\/Amei-Cosm\u00e9ticos-150x38.jpeg 150w\" sizes=\"(max-width: 600px) 100vw, 600px\" \/><\/a>O efetivo no per\u00edodo chegou a 10 mil pessoas, entre militares integrantes de ag\u00eancias municipais, estaduais e federais, segundo a Defesa. Na log\u00edstica, foram usadas 467 viaturas, 37 aeronaves e 159 embarca\u00e7\u00f5es. Al\u00e9m das 127 pessoas presas, foram apreendidos 178 embarca\u00e7\u00f5es.<\/p>\n<p style=\"text-align: justify;\">Segundo dados do Instituto Nacional de Pesquisas Espaciais (Inpe) apresentados pelo ministro da Defesa, Fernando Azevedo, a queimada na regi\u00e3o amaz\u00f4nica neste ano ficou abaixo da m\u00e9dia hist\u00f3rica. \u201cA hist\u00f3ria de que a Amaz\u00f4nia estava em chamas n\u00e3o \u00e9 bem assim\u201d, comentou. \u201cO m\u00eas de setembro, que, normalmente, \u00e9 o pior m\u00eas em todos os anos, neste ano abaixou. Tenho certeza de que nossas a\u00e7\u00f5es s\u00e3o parte disso\u201d, disse.<\/p>\n<p style=\"text-align: justify;\">Os militares informaram que destru\u00edram 45 acampamentos ilegais e apreenderam mais de 26 mil litros de combust\u00edvel. As revistas atingiram 1.453 ve\u00edculos e 1.961 embarca\u00e7\u00f5es.<\/p>\n<p style=\"text-align: justify;\">A reportagem do jornal\u00a0O Estado de S. Paulo\u00a0esteve, por 10 dias, nos Estados de Rond\u00f4nia e Amazonas, desde 25 de agosto. Neste per\u00edodo, verificou in loco a dificuldade de execu\u00e7\u00e3o dos trabalhos por equipes do Ibama e do Instituto Chico Mendes de Biodiversidade (ICMBio). Quando os grupamentos das For\u00e7as Armadas chegaram \u00e0 regi\u00e3o de 2 mil quil\u00f4metros percorrida pela reportagem, o fogo j\u00e1 tinha atingido o pico em diversas regi\u00f5es, como o sul do Amazonas e a regi\u00e3o central do Par\u00e1.<\/p>\n<p style=\"text-align: justify;\"><em>Fonte: Canabrava FM<\/em><\/p>\n<p style=\"text-align: justify;\"><em>Com informa\u00e7\u00f5es: Ag\u00eancia Brasil<\/em><\/p>\n","protected":false},"excerpt":{"rendered":"<p>As a\u00e7\u00f5es coordenadas pelas For\u00e7as Armadas entre 24 de agosto e 24 de outubro, para o combate dos inc\u00eandios na regi\u00e3o amaz\u00f4nica, resultaram na deten\u00e7\u00e3o de 127 pessoas.<\/p>\n","protected":false},"author":2,"featured_media":19017,"comment_status":"open","ping_status":"open","sticky":false,"template":"","format":"standard","meta":{"om_disable_all_campaigns":false,"_monsterinsights_skip_tracking":false,"_monsterinsights_sitenote_active":false,"_monsterinsights_sitenote_note":"","_monsterinsights_sitenote_category":0,"footnotes":""},"categories":[34,70,69],"tags":[93,3019,599,593,110],"class_list":["post-19921","post","type-post","status-publish","format-standard","has-post-thumbnail","hentry","category-brasil","category-destaques","category-noticias2","tag-brasil","tag-floresta-amozonica","tag-forcas-armadas","tag-incendio","tag-presos"],"aioseo_notices":[],"_links":{"self":[{"href":"https:\/\/www.portalalerta.com.br\/index.php\/wp-json\/wp\/v2\/posts\/19921","targetHints":{"allow":["GET"]}}],"collection":[{"href":"https:\/\/www.portalalerta.com.br\/index.php\/wp-json\/wp\/v2\/posts"}],"about":[{"href":"https:\/\/www.portalalerta.com.br\/index.php\/wp-json\/wp\/v2\/types\/post"}],"author":[{"embeddable":true,"href":"https:\/\/www.portalalerta.com.br\/index.php\/wp-json\/wp\/v2\/users\/2"}],"replies":[{"embeddable":true,"href":"https:\/\/www.portalalerta.com.br\/index.php\/wp-json\/wp\/v2\/comments?post=19921"}],"version-history":[{"count":1,"href":"https:\/\/www.portalalerta.com.br\/index.php\/wp-json\/wp\/v2\/posts\/19921\/revisions"}],"predecessor-version":[{"id":19922,"href":"https:\/\/www.portalalerta.com.br\/index.php\/wp-json\/wp\/v2\/posts\/19921\/revisions\/19922"}],"wp:featuredmedia":[{"embeddable":true,"href":"https:\/\/www.portalalerta.com.br\/index.php\/wp-json\/wp\/v2\/media\/19017"}],"wp:attachment":[{"href":"https:\/\/www.portalalerta.com.br\/index.php\/wp-json\/wp\/v2\/media?parent=19921"}],"wp:term":[{"taxonomy":"category","embeddable":true,"href":"https:\/\/www.portalalerta.com.br\/index.php\/wp-json\/wp\/v2\/categories?post=19921"},{"taxonomy":"post_tag","embeddable":true,"href":"https:\/\/www.portalalerta.com.br\/index.php\/wp-json\/wp\/v2\/tags?post=19921"}],"curies":[{"name":"wp","href":"https:\/\/api.w.org\/{rel}","templated":true}]}}