{"id":19923,"date":"2019-10-29T23:01:39","date_gmt":"2019-10-30T02:01:39","guid":{"rendered":"https:\/\/www.portalalerta.com.br\/?p=19923"},"modified":"2019-10-29T23:01:39","modified_gmt":"2019-10-30T02:01:39","slug":"morador-de-cicero-dantas-ba-e-assassinado-durante-evento-festivo-e-heliopolis-ba-registra-o-primeiro-homicidio-do-ano","status":"publish","type":"post","link":"https:\/\/www.portalalerta.com.br\/index.php\/2019\/10\/29\/morador-de-cicero-dantas-ba-e-assassinado-durante-evento-festivo-e-heliopolis-ba-registra-o-primeiro-homicidio-do-ano\/","title":{"rendered":"Morador de C\u00edcero Dantas-BA \u00e9 assassinado durante evento festivo, e Heli\u00f3polis-BA registra o primeiro homic\u00eddio do ano!"},"content":{"rendered":"<p style=\"text-align: justify;\">Por volta das 22:00hs do \u00faltimo domingo, 27, policiais militares do 3\u00ba Pelot\u00e3o\/ Heli\u00f3polis-BA, foram informados que na Fazenda Uni\u00e3o, no referido munic\u00edpio, local onde estava ocorrendo um evento festivo, tinha acontecido uma ocorr\u00eancia envolvendo disparos de arma de fogo.<!--more--><\/p>\n<p style=\"text-align: justify;\"><img fetchpriority=\"high\" decoding=\"async\" class=\"size-full wp-image-2902 alignleft\" src=\"https:\/\/www.portalalerta.com.br\/wp-content\/uploads\/2017\/11\/elab-2.jpg\" alt=\"\" width=\"310\" height=\"200\" srcset=\"https:\/\/www.portalalerta.com.br\/wp-content\/uploads\/2017\/11\/elab-2.jpg 310w, https:\/\/www.portalalerta.com.br\/wp-content\/uploads\/2017\/11\/elab-2-226x146.jpg 226w, https:\/\/www.portalalerta.com.br\/wp-content\/uploads\/2017\/11\/elab-2-50x32.jpg 50w, https:\/\/www.portalalerta.com.br\/wp-content\/uploads\/2017\/11\/elab-2-116x75.jpg 116w\" sizes=\"(max-width: 310px) 100vw, 310px\" \/>Os militares seguiram para o local, onde constataram a veracidade da den\u00fancia. Uermerson Santana Queir\u00e3o, 21 anos, que era morador do povoado Pindorama em C\u00edcero Dantas-BA se encontrava ca\u00eddo ao solo, j\u00e1 sem os sinais vitais, com um ferimento na cabe\u00e7a causado por um disparo de arma de fogo.<\/p>\n<p style=\"text-align: justify;\">Foi feito o devido isolamento do local, bem como o acionamento do Departamento de Pol\u00edcia T\u00e9cnica (DPT \u2013 Euclides da Cunha). Nada foi informado sobre a autoria bem como a motiva\u00e7\u00e3o do crime.<\/p>\n<p>&nbsp;<\/p>\n<figure id=\"attachment_19925\" aria-describedby=\"caption-attachment-19925\" style=\"width: 768px\" class=\"wp-caption aligncenter\"><img decoding=\"async\" class=\"wp-image-19925 size-full\" src=\"https:\/\/www.portalalerta.com.br\/wp-content\/uploads\/2019\/10\/homic\u00eddio-em-Heli\u00f3polis-2019.jpg\" alt=\"\" width=\"768\" height=\"509\" srcset=\"https:\/\/www.portalalerta.com.br\/wp-content\/uploads\/2019\/10\/homic\u00eddio-em-Heli\u00f3polis-2019.jpg 768w, https:\/\/www.portalalerta.com.br\/wp-content\/uploads\/2019\/10\/homic\u00eddio-em-Heli\u00f3polis-2019-362x240.jpg 362w, https:\/\/www.portalalerta.com.br\/wp-content\/uploads\/2019\/10\/homic\u00eddio-em-Heli\u00f3polis-2019-220x146.jpg 220w, https:\/\/www.portalalerta.com.br\/wp-content\/uploads\/2019\/10\/homic\u00eddio-em-Heli\u00f3polis-2019-50x33.jpg 50w, https:\/\/www.portalalerta.com.br\/wp-content\/uploads\/2019\/10\/homic\u00eddio-em-Heli\u00f3polis-2019-113x75.jpg 113w\" sizes=\"(max-width: 768px) 100vw, 768px\" \/><figcaption id=\"caption-attachment-19925\" class=\"wp-caption-text\">Uermerson foi assassinado \u00e0 tiros<\/figcaption><\/figure>\n<p style=\"text-align: justify;\">Este \u00e9 o primeiro homic\u00eddio do ano, registrado em Heli\u00f3polis-BA<\/p>\n<p style=\"text-align: justify;\"><em>Reda\u00e7\u00e3o: Portal Alerta<\/em><\/p>\n","protected":false},"excerpt":{"rendered":"<p>Por volta das 22:00hs do \u00faltimo domingo, 27, policiais militares do 3\u00ba Pelot\u00e3o\/ Heli\u00f3polis-BA, foram informados que na Fazenda Uni\u00e3o, no referido munic\u00edpio, local onde estava ocorrendo um evento festivo, tinha acontecido uma ocorr\u00eancia envolvendo disparos de arma de fogo.<\/p>\n","protected":false},"author":2,"featured_media":13265,"comment_status":"open","ping_status":"open","sticky":false,"template":"","format":"standard","meta":{"om_disable_all_campaigns":false,"_monsterinsights_skip_tracking":false,"_monsterinsights_sitenote_active":false,"_monsterinsights_sitenote_note":"","_monsterinsights_sitenote_category":0,"footnotes":""},"categories":[4,70,6,69,32,22],"tags":[75,128,44,206,169],"class_list":["post-19923","post","type-post","status-publish","format-standard","has-post-thumbnail","hentry","category-cicero-dantas","category-destaques","category-heliopolis","category-noticias2","category-regiao","category-seguranca","tag-cicero-dantas","tag-disparo-de-arma-de-fogo","tag-heliopolis","tag-homicidio","tag-morte"],"aioseo_notices":[],"_links":{"self":[{"href":"https:\/\/www.portalalerta.com.br\/index.php\/wp-json\/wp\/v2\/posts\/19923","targetHints":{"allow":["GET"]}}],"collection":[{"href":"https:\/\/www.portalalerta.com.br\/index.php\/wp-json\/wp\/v2\/posts"}],"about":[{"href":"https:\/\/www.portalalerta.com.br\/index.php\/wp-json\/wp\/v2\/types\/post"}],"author":[{"embeddable":true,"href":"https:\/\/www.portalalerta.com.br\/index.php\/wp-json\/wp\/v2\/users\/2"}],"replies":[{"embeddable":true,"href":"https:\/\/www.portalalerta.com.br\/index.php\/wp-json\/wp\/v2\/comments?post=19923"}],"version-history":[{"count":1,"href":"https:\/\/www.portalalerta.com.br\/index.php\/wp-json\/wp\/v2\/posts\/19923\/revisions"}],"predecessor-version":[{"id":19926,"href":"https:\/\/www.portalalerta.com.br\/index.php\/wp-json\/wp\/v2\/posts\/19923\/revisions\/19926"}],"wp:featuredmedia":[{"embeddable":true,"href":"https:\/\/www.portalalerta.com.br\/index.php\/wp-json\/wp\/v2\/media\/13265"}],"wp:attachment":[{"href":"https:\/\/www.portalalerta.com.br\/index.php\/wp-json\/wp\/v2\/media?parent=19923"}],"wp:term":[{"taxonomy":"category","embeddable":true,"href":"https:\/\/www.portalalerta.com.br\/index.php\/wp-json\/wp\/v2\/categories?post=19923"},{"taxonomy":"post_tag","embeddable":true,"href":"https:\/\/www.portalalerta.com.br\/index.php\/wp-json\/wp\/v2\/tags?post=19923"}],"curies":[{"name":"wp","href":"https:\/\/api.w.org\/{rel}","templated":true}]}}