{"id":19935,"date":"2019-10-30T10:02:51","date_gmt":"2019-10-30T13:02:51","guid":{"rendered":"https:\/\/www.portalalerta.com.br\/?p=19935"},"modified":"2019-10-30T10:02:51","modified_gmt":"2019-10-30T13:02:51","slug":"procurado-pela-justica-traficante-e-preso-em-ribeira-do-pombal-ba","status":"publish","type":"post","link":"https:\/\/www.portalalerta.com.br\/index.php\/2019\/10\/30\/procurado-pela-justica-traficante-e-preso-em-ribeira-do-pombal-ba\/","title":{"rendered":"Procurado pela Justi\u00e7a, traficante \u00e9 preso em Ribeira do Pombal-BA"},"content":{"rendered":"<p style=\"text-align: justify;\">Na \u00faltima sexta-feira, 25, policiais militares da CIPE Nordeste, capturaram um traficante procurado pela justi\u00e7a, em Ribeira do Pombal-BA<!--more--><\/p>\n<p style=\"text-align: justify;\"><img fetchpriority=\"high\" decoding=\"async\" class=\"size-full wp-image-2902 alignleft\" src=\"https:\/\/www.portalalerta.com.br\/wp-content\/uploads\/2017\/11\/elab-2.jpg\" alt=\"\" width=\"310\" height=\"200\" srcset=\"https:\/\/www.portalalerta.com.br\/wp-content\/uploads\/2017\/11\/elab-2.jpg 310w, https:\/\/www.portalalerta.com.br\/wp-content\/uploads\/2017\/11\/elab-2-226x146.jpg 226w, https:\/\/www.portalalerta.com.br\/wp-content\/uploads\/2017\/11\/elab-2-50x32.jpg 50w, https:\/\/www.portalalerta.com.br\/wp-content\/uploads\/2017\/11\/elab-2-116x75.jpg 116w\" sizes=\"(max-width: 310px) 100vw, 310px\" \/>A pris\u00e3o ocorreu ap\u00f3s den\u00fancia an\u00f4nima, de que o criminoso estaria escondido no bairro Vila Oper\u00e1ria, zona norte da cidade. Por volta das 17:00hs, os militares seguiram para o local indicado, onde prenderam Rafael Santos Santana (Rafael Grand\u00e3o), 24 anos, cuja imagem n\u00e3o foi divulgada, tendo em seu desfavor um Mandado de Pris\u00e3o em aberto.<\/p>\n<p style=\"text-align: justify;\">\u201cGrand\u00e3o\u201d foi conduzido para a Delegacia de Pol\u00edcia Civil da cidade, onde foi apresentado para a ado\u00e7\u00e3o das medidas cab\u00edveis.<\/p>\n<p style=\"text-align: justify;\"><em>Reda\u00e7\u00e3o: Portal Alerta <\/em><\/p>\n","protected":false},"excerpt":{"rendered":"<p>Na \u00faltima sexta-feira, 25, policiais militares da CIPE Nordeste, capturaram um traficante procurado pela justi\u00e7a, em Ribeira do Pombal-BA<\/p>\n","protected":false},"author":2,"featured_media":18440,"comment_status":"open","ping_status":"open","sticky":false,"template":"","format":"standard","meta":{"om_disable_all_campaigns":false,"_monsterinsights_skip_tracking":false,"_monsterinsights_sitenote_active":false,"_monsterinsights_sitenote_note":"","_monsterinsights_sitenote_category":0,"footnotes":""},"categories":[70,69,32,3,22],"tags":[167,488,79,77,47,76],"class_list":["post-19935","post","type-post","status-publish","format-standard","has-post-thumbnail","hentry","category-destaques","category-noticias2","category-regiao","category-ribeira-do-pombal","category-seguranca","tag-cipe-nordeste","tag-mandado-de-prisao","tag-policia-militar","tag-preso","tag-ribeira-do-pombal","tag-trafico-de-drogas"],"aioseo_notices":[],"_links":{"self":[{"href":"https:\/\/www.portalalerta.com.br\/index.php\/wp-json\/wp\/v2\/posts\/19935","targetHints":{"allow":["GET"]}}],"collection":[{"href":"https:\/\/www.portalalerta.com.br\/index.php\/wp-json\/wp\/v2\/posts"}],"about":[{"href":"https:\/\/www.portalalerta.com.br\/index.php\/wp-json\/wp\/v2\/types\/post"}],"author":[{"embeddable":true,"href":"https:\/\/www.portalalerta.com.br\/index.php\/wp-json\/wp\/v2\/users\/2"}],"replies":[{"embeddable":true,"href":"https:\/\/www.portalalerta.com.br\/index.php\/wp-json\/wp\/v2\/comments?post=19935"}],"version-history":[{"count":1,"href":"https:\/\/www.portalalerta.com.br\/index.php\/wp-json\/wp\/v2\/posts\/19935\/revisions"}],"predecessor-version":[{"id":19936,"href":"https:\/\/www.portalalerta.com.br\/index.php\/wp-json\/wp\/v2\/posts\/19935\/revisions\/19936"}],"wp:featuredmedia":[{"embeddable":true,"href":"https:\/\/www.portalalerta.com.br\/index.php\/wp-json\/wp\/v2\/media\/18440"}],"wp:attachment":[{"href":"https:\/\/www.portalalerta.com.br\/index.php\/wp-json\/wp\/v2\/media?parent=19935"}],"wp:term":[{"taxonomy":"category","embeddable":true,"href":"https:\/\/www.portalalerta.com.br\/index.php\/wp-json\/wp\/v2\/categories?post=19935"},{"taxonomy":"post_tag","embeddable":true,"href":"https:\/\/www.portalalerta.com.br\/index.php\/wp-json\/wp\/v2\/tags?post=19935"}],"curies":[{"name":"wp","href":"https:\/\/api.w.org\/{rel}","templated":true}]}}