{"id":19937,"date":"2019-10-30T12:45:11","date_gmt":"2019-10-30T15:45:11","guid":{"rendered":"https:\/\/www.portalalerta.com.br\/?p=19937"},"modified":"2019-10-30T12:45:11","modified_gmt":"2019-10-30T15:45:11","slug":"policia-recupera-veiculo-furtado-em-quijingue-ba","status":"publish","type":"post","link":"https:\/\/www.portalalerta.com.br\/index.php\/2019\/10\/30\/policia-recupera-veiculo-furtado-em-quijingue-ba\/","title":{"rendered":"Pol\u00edcia recupera ve\u00edculo furtado, em Quijingue-BA"},"content":{"rendered":"<p style=\"text-align: justify;\">Por volta das 14:00hs da \u00faltima segunda-feira, 28, policiais civis de Euclides da Cunha-BA e Quijingue-BA, recuperaram um ve\u00edculo furtado, no povoado Tanque do Rumo, zona rural de Quijingue-BA<!--more--><\/p>\n<p style=\"text-align: justify;\"><img fetchpriority=\"high\" decoding=\"async\" class=\"size-thumbnail wp-image-4869 aligncenter\" src=\"https:\/\/www.portalalerta.com.br\/wp-content\/uploads\/2018\/02\/Auto-Escola-Nobre-720x181.jpg\" alt=\"\" width=\"720\" height=\"181\" srcset=\"https:\/\/www.portalalerta.com.br\/wp-content\/uploads\/2018\/02\/Auto-Escola-Nobre.jpg 720w, https:\/\/www.portalalerta.com.br\/wp-content\/uploads\/2018\/02\/Auto-Escola-Nobre-260x65.jpg 260w, https:\/\/www.portalalerta.com.br\/wp-content\/uploads\/2018\/02\/Auto-Escola-Nobre-50x13.jpg 50w, https:\/\/www.portalalerta.com.br\/wp-content\/uploads\/2018\/02\/Auto-Escola-Nobre-150x38.jpg 150w\" sizes=\"(max-width: 720px) 100vw, 720px\" \/>O ve\u00edculo, um caminh\u00e3o Ba\u00fa de cor branca, placa policial NZU 6696, com licen\u00e7a de Lagarto-SE, transportava carga perec\u00edvel, e tinha sido subtra\u00eddo na noite do \u00faltimo s\u00e1bado, 26.<\/p>\n<p style=\"text-align: justify;\">O caminh\u00e3o foi conduzido para a sede da 25\u00aa COORPIN, em Euclides da Cunha-BA, para a devida devolu\u00e7\u00e3o ao seu propriet\u00e1rio. Ningu\u00e9m foi preso na a\u00e7\u00e3o.<\/p>\n<p style=\"text-align: justify;\"><em>Reda\u00e7\u00e3o: Portal Alerta<\/em><\/p>\n","protected":false},"excerpt":{"rendered":"<p>Por volta das 14:00hs da \u00faltima segunda-feira, 28, policiais civis de Euclides da Cunha-BA e Quijingue-BA, recuperaram um ve\u00edculo furtado, no povoado Tanque do Rumo, zona rural de Quijingue-BA<\/p>\n","protected":false},"author":2,"featured_media":19938,"comment_status":"open","ping_status":"open","sticky":false,"template":"","format":"standard","meta":{"om_disable_all_campaigns":false,"_monsterinsights_skip_tracking":false,"_monsterinsights_sitenote_active":false,"_monsterinsights_sitenote_note":"","_monsterinsights_sitenote_category":0,"footnotes":""},"categories":[70,69,43,32,22],"tags":[2209,85,122,109,102],"class_list":["post-19937","post","type-post","status-publish","format-standard","has-post-thumbnail","hentry","category-destaques","category-noticias2","category-quijingue","category-regiao","category-seguranca","tag-caminhao","tag-furto","tag-policia-civil","tag-quijingue","tag-veiculo-recuperado"],"aioseo_notices":[],"_links":{"self":[{"href":"https:\/\/www.portalalerta.com.br\/index.php\/wp-json\/wp\/v2\/posts\/19937","targetHints":{"allow":["GET"]}}],"collection":[{"href":"https:\/\/www.portalalerta.com.br\/index.php\/wp-json\/wp\/v2\/posts"}],"about":[{"href":"https:\/\/www.portalalerta.com.br\/index.php\/wp-json\/wp\/v2\/types\/post"}],"author":[{"embeddable":true,"href":"https:\/\/www.portalalerta.com.br\/index.php\/wp-json\/wp\/v2\/users\/2"}],"replies":[{"embeddable":true,"href":"https:\/\/www.portalalerta.com.br\/index.php\/wp-json\/wp\/v2\/comments?post=19937"}],"version-history":[{"count":1,"href":"https:\/\/www.portalalerta.com.br\/index.php\/wp-json\/wp\/v2\/posts\/19937\/revisions"}],"predecessor-version":[{"id":19939,"href":"https:\/\/www.portalalerta.com.br\/index.php\/wp-json\/wp\/v2\/posts\/19937\/revisions\/19939"}],"wp:featuredmedia":[{"embeddable":true,"href":"https:\/\/www.portalalerta.com.br\/index.php\/wp-json\/wp\/v2\/media\/19938"}],"wp:attachment":[{"href":"https:\/\/www.portalalerta.com.br\/index.php\/wp-json\/wp\/v2\/media?parent=19937"}],"wp:term":[{"taxonomy":"category","embeddable":true,"href":"https:\/\/www.portalalerta.com.br\/index.php\/wp-json\/wp\/v2\/categories?post=19937"},{"taxonomy":"post_tag","embeddable":true,"href":"https:\/\/www.portalalerta.com.br\/index.php\/wp-json\/wp\/v2\/tags?post=19937"}],"curies":[{"name":"wp","href":"https:\/\/api.w.org\/{rel}","templated":true}]}}