{"id":19940,"date":"2019-10-30T13:50:51","date_gmt":"2019-10-30T16:50:51","guid":{"rendered":"https:\/\/www.portalalerta.com.br\/?p=19940"},"modified":"2019-10-30T13:50:51","modified_gmt":"2019-10-30T16:50:51","slug":"ribeira-do-pombal-inicia-processo-de-construcao-do-pddu","status":"publish","type":"post","link":"https:\/\/www.portalalerta.com.br\/index.php\/2019\/10\/30\/ribeira-do-pombal-inicia-processo-de-construcao-do-pddu\/","title":{"rendered":"Ribeira do Pombal inicia processo de constru\u00e7\u00e3o do PDDU"},"content":{"rendered":"<p style=\"text-align: justify;\">A Advocacia Geral do Munic\u00edpio juntamente com o Minist\u00e9rio P\u00fablico Estadual realizou nessa ter\u00e7a-feira, 29, audi\u00eancia p\u00fablica para tratar do Plano Diretor de Desenvolvimento Urbano de Ribeira do Pombal, PDDU, que a partir desse momento entra num processo de discuss\u00e3o seguindo um plano de trabalho espec\u00edfico a partir de temas essenciais ao desenvolvimento da cidade, como infraestrutura, transito e sa\u00fade; e resultar\u00e1 na lei que vai ofertar mais qualidade de vida \u00e0 popula\u00e7\u00e3o de Ribeira do Pombal, atrav\u00e9s das bases para um crescimento ordenado nos pr\u00f3ximos anos.<!--more--><\/p>\n<p style=\"text-align: justify;\"><img fetchpriority=\"high\" decoding=\"async\" class=\"size-thumbnail wp-image-18400 aligncenter\" src=\"https:\/\/www.portalalerta.com.br\/wp-content\/uploads\/2019\/07\/Real-Estilo-e-Voc\u00ea-633x240.jpeg\" alt=\"\" width=\"633\" height=\"240\" srcset=\"https:\/\/www.portalalerta.com.br\/wp-content\/uploads\/2019\/07\/Real-Estilo-e-Voc\u00ea-633x240.jpeg 633w, https:\/\/www.portalalerta.com.br\/wp-content\/uploads\/2019\/07\/Real-Estilo-e-Voc\u00ea-260x99.jpeg 260w, https:\/\/www.portalalerta.com.br\/wp-content\/uploads\/2019\/07\/Real-Estilo-e-Voc\u00ea-50x19.jpeg 50w, https:\/\/www.portalalerta.com.br\/wp-content\/uploads\/2019\/07\/Real-Estilo-e-Voc\u00ea-150x57.jpeg 150w, https:\/\/www.portalalerta.com.br\/wp-content\/uploads\/2019\/07\/Real-Estilo-e-Voc\u00ea.jpeg 720w\" sizes=\"(max-width: 633px) 100vw, 633px\" \/>Na oportunidade atrav\u00e9s de empres\u00e1rios, estudantes, servidores, entre outros, a sociedade civil marcou forte presen\u00e7a no evento e restou definido que todas as etapas do processo de constru\u00e7\u00e3o do Plano ser\u00e1 debatida com a participa\u00e7\u00e3o da comunidade pombalense, inclusive atrav\u00e9s de audi\u00eancias p\u00fablicas nos bairros e povoados, assim tamb\u00e9m como ficou definida a funda\u00e7\u00e3o do Conselho da Cidade, que coordenar\u00e1 os trabalhos em prol da cria\u00e7\u00e3o do PDDU.<\/p>\n<p style=\"text-align: justify;\"><em>Fonte: SECOM\/ Ribeira do Pombal<\/em><\/p>\n","protected":false},"excerpt":{"rendered":"<p>A Advocacia Geral do Munic\u00edpio juntamente com o Minist\u00e9rio P\u00fablico Estadual realizou nessa ter\u00e7a-feira, 29, audi\u00eancia p\u00fablica para tratar do Plano Diretor de Desenvolvimento Urbano de Ribeira do Pombal, PDDU, que a partir desse momento entra num processo de discuss\u00e3o seguindo um plano de trabalho espec\u00edfico a partir de temas essenciais ao desenvolvimento da cidade, &hellip;<\/p>\n","protected":false},"author":2,"featured_media":19941,"comment_status":"open","ping_status":"open","sticky":false,"template":"","format":"standard","meta":{"om_disable_all_campaigns":false,"_monsterinsights_skip_tracking":false,"_monsterinsights_sitenote_active":false,"_monsterinsights_sitenote_note":"","_monsterinsights_sitenote_category":0,"footnotes":""},"categories":[70,69,21,32,3],"tags":[2854,671,352,3186,3183,47],"class_list":["post-19940","post","type-post","status-publish","format-standard","has-post-thumbnail","hentry","category-destaques","category-noticias2","category-politica","category-regiao","category-ribeira-do-pombal","tag-advocacia-geral-do-municipio","tag-audiencia-publica","tag-ministerio-publico","tag-pddu","tag-plano-diretor-de-desenvolvimento-urbano","tag-ribeira-do-pombal"],"aioseo_notices":[],"_links":{"self":[{"href":"https:\/\/www.portalalerta.com.br\/index.php\/wp-json\/wp\/v2\/posts\/19940","targetHints":{"allow":["GET"]}}],"collection":[{"href":"https:\/\/www.portalalerta.com.br\/index.php\/wp-json\/wp\/v2\/posts"}],"about":[{"href":"https:\/\/www.portalalerta.com.br\/index.php\/wp-json\/wp\/v2\/types\/post"}],"author":[{"embeddable":true,"href":"https:\/\/www.portalalerta.com.br\/index.php\/wp-json\/wp\/v2\/users\/2"}],"replies":[{"embeddable":true,"href":"https:\/\/www.portalalerta.com.br\/index.php\/wp-json\/wp\/v2\/comments?post=19940"}],"version-history":[{"count":1,"href":"https:\/\/www.portalalerta.com.br\/index.php\/wp-json\/wp\/v2\/posts\/19940\/revisions"}],"predecessor-version":[{"id":19942,"href":"https:\/\/www.portalalerta.com.br\/index.php\/wp-json\/wp\/v2\/posts\/19940\/revisions\/19942"}],"wp:featuredmedia":[{"embeddable":true,"href":"https:\/\/www.portalalerta.com.br\/index.php\/wp-json\/wp\/v2\/media\/19941"}],"wp:attachment":[{"href":"https:\/\/www.portalalerta.com.br\/index.php\/wp-json\/wp\/v2\/media?parent=19940"}],"wp:term":[{"taxonomy":"category","embeddable":true,"href":"https:\/\/www.portalalerta.com.br\/index.php\/wp-json\/wp\/v2\/categories?post=19940"},{"taxonomy":"post_tag","embeddable":true,"href":"https:\/\/www.portalalerta.com.br\/index.php\/wp-json\/wp\/v2\/tags?post=19940"}],"curies":[{"name":"wp","href":"https:\/\/api.w.org\/{rel}","templated":true}]}}