{"id":19943,"date":"2019-10-30T23:55:41","date_gmt":"2019-10-31T02:55:41","guid":{"rendered":"https:\/\/www.portalalerta.com.br\/?p=19943"},"modified":"2019-10-30T23:57:03","modified_gmt":"2019-10-31T02:57:03","slug":"pesquisador-diz-ter-achado-mancha-que-originou-manchas-no-litoral-do-nordeste","status":"publish","type":"post","link":"https:\/\/www.portalalerta.com.br\/index.php\/2019\/10\/30\/pesquisador-diz-ter-achado-mancha-que-originou-manchas-no-litoral-do-nordeste\/","title":{"rendered":"Pesquisador diz ter achado mancha que originou manchas no litoral do Nordeste"},"content":{"rendered":"<p style=\"text-align: justify;\">O Laborat\u00f3rio de An\u00e1lise e Processamento de Imagens de Sat\u00e9lite (Lapis) da Universidade Federal de Alagoas (Ufal) afirma ter encontrado um grande vazamento de \u00f3leo abaixo da superf\u00edcie do mar no sul da Bahia. O vazamento teria 55km de extens\u00e3o e 6km de largura, ficando distante em 54km da Costa do Nordeste.<!--more--><\/p>\n<p style=\"text-align: justify;\">De acordo com o Lapis, isso pode explicar o vazamento que atingiu o litoral do Nordeste nos \u00faltimos meses. A Marinha, no entanto, afirma que n\u00e3o h\u00e1 rela\u00e7\u00e3o entre as imagens obtidas pelos pesquisadores e o\u00a0petr\u00f3leo encontrado nas praias nordestinas.<\/p>\n<p style=\"text-align: justify;\"><a href=\"http:\/\/ameicomprar.000webhostapp.com\/neiversoncosta.html\"><img fetchpriority=\"high\" decoding=\"async\" class=\"size-full wp-image-19576 aligncenter\" src=\"https:\/\/www.portalalerta.com.br\/wp-content\/uploads\/2019\/09\/Amei-Cosm\u00e9ticos.jpeg\" alt=\"\" width=\"600\" height=\"150\" srcset=\"https:\/\/www.portalalerta.com.br\/wp-content\/uploads\/2019\/09\/Amei-Cosm\u00e9ticos.jpeg 600w, https:\/\/www.portalalerta.com.br\/wp-content\/uploads\/2019\/09\/Amei-Cosm\u00e9ticos-260x65.jpeg 260w, https:\/\/www.portalalerta.com.br\/wp-content\/uploads\/2019\/09\/Amei-Cosm\u00e9ticos-50x13.jpeg 50w, https:\/\/www.portalalerta.com.br\/wp-content\/uploads\/2019\/09\/Amei-Cosm\u00e9ticos-150x38.jpeg 150w\" sizes=\"(max-width: 600px) 100vw, 600px\" \/><\/a>Um dos respons\u00e1veis pela pesquisa \u00e9 o professor Humberto Costa, que comemora o impacto que os resultados podem ter. Segundo ele, o vazamento pode ter acontecido at\u00e9 mesmo na regi\u00e3o baiana do pr\u00e9-sal.<\/p>\n<p style=\"text-align: justify;\">&#8220;Ontem tivemos um grande impacto, pois pela primeira vez, encontramos uma assinatura espacial diferenciada. ela mostra que a origem do vazamento pode estar ocorrendo abaixo da superf\u00edcie do mar. Com isso, levantamos a hip\u00f3tese de que a polui\u00e7\u00e3o pode ter sido causada por um grande vazamento em minas de petr\u00f3leo, ou pela sua localiza\u00e7\u00e3o, pode ter ocorrido at\u00e9 mesmo na regi\u00e3o do pr\u00e9-sal&#8221;, diz o pesquisador.<\/p>\n<p style=\"text-align: justify;\">A Marinha, ao portal G1, afirma que a mancha que estaria avan\u00e7ando pelo mar da Bahia identificada pelo Lapis nas imagens de sat\u00e9lite n\u00e3o se trata de \u00f3leo.<\/p>\n<p style=\"text-align: justify;\">Para chegar a essa conclus\u00e3o, foram feitas quatro avalia\u00e7\u00f5es: consulta aos especialistas da ITOPF, monitoramento a\u00e9reo e por navios na regi\u00e3o e por meio de sat\u00e9lite.<\/p>\n<p style=\"text-align: justify;\">&#8220;\u00c9 importante frisar que a gravidade, a extens\u00e3o e o ineditismo desse crime ambiental exigem constante avalia\u00e7\u00e3o da estrutura e dos recursos materiais e humanos empregados, no tempo e quantitativo que for necess\u00e1rio&#8221;, diz trecho da nota da Marinha.<\/p>\n<p style=\"text-align: justify;\"><em>Fonte: Yahoo Not\u00edcias<\/em><\/p>\n","protected":false},"excerpt":{"rendered":"<p>O Laborat\u00f3rio de An\u00e1lise e Processamento de Imagens de Sat\u00e9lite (Lapis) da Universidade Federal de Alagoas (Ufal) afirma ter encontrado um grande vazamento de \u00f3leo abaixo da superf\u00edcie do mar no sul da Bahia. O vazamento teria 55km de extens\u00e3o e 6km de largura, ficando distante em 54km da Costa do Nordeste.<\/p>\n","protected":false},"author":2,"featured_media":19944,"comment_status":"open","ping_status":"open","sticky":false,"template":"","format":"standard","meta":{"om_disable_all_campaigns":false,"_monsterinsights_skip_tracking":false,"_monsterinsights_sitenote_active":false,"_monsterinsights_sitenote_note":"","_monsterinsights_sitenote_category":0,"footnotes":""},"categories":[33,34,70,69],"tags":[454,54,93,2313,1376,3105,3187,2837],"class_list":["post-19943","post","type-post","status-publish","format-standard","has-post-thumbnail","hentry","category-bahia","category-brasil","category-destaques","category-noticias2","tag-alagoas","tag-bahia","tag-brasil","tag-marinha","tag-petroleo","tag-pre-sal","tag-ufal","tag-vazamento"],"aioseo_notices":[],"_links":{"self":[{"href":"https:\/\/www.portalalerta.com.br\/index.php\/wp-json\/wp\/v2\/posts\/19943","targetHints":{"allow":["GET"]}}],"collection":[{"href":"https:\/\/www.portalalerta.com.br\/index.php\/wp-json\/wp\/v2\/posts"}],"about":[{"href":"https:\/\/www.portalalerta.com.br\/index.php\/wp-json\/wp\/v2\/types\/post"}],"author":[{"embeddable":true,"href":"https:\/\/www.portalalerta.com.br\/index.php\/wp-json\/wp\/v2\/users\/2"}],"replies":[{"embeddable":true,"href":"https:\/\/www.portalalerta.com.br\/index.php\/wp-json\/wp\/v2\/comments?post=19943"}],"version-history":[{"count":3,"href":"https:\/\/www.portalalerta.com.br\/index.php\/wp-json\/wp\/v2\/posts\/19943\/revisions"}],"predecessor-version":[{"id":19947,"href":"https:\/\/www.portalalerta.com.br\/index.php\/wp-json\/wp\/v2\/posts\/19943\/revisions\/19947"}],"wp:featuredmedia":[{"embeddable":true,"href":"https:\/\/www.portalalerta.com.br\/index.php\/wp-json\/wp\/v2\/media\/19944"}],"wp:attachment":[{"href":"https:\/\/www.portalalerta.com.br\/index.php\/wp-json\/wp\/v2\/media?parent=19943"}],"wp:term":[{"taxonomy":"category","embeddable":true,"href":"https:\/\/www.portalalerta.com.br\/index.php\/wp-json\/wp\/v2\/categories?post=19943"},{"taxonomy":"post_tag","embeddable":true,"href":"https:\/\/www.portalalerta.com.br\/index.php\/wp-json\/wp\/v2\/tags?post=19943"}],"curies":[{"name":"wp","href":"https:\/\/api.w.org\/{rel}","templated":true}]}}