{"id":19948,"date":"2019-10-31T00:06:38","date_gmt":"2019-10-31T03:06:38","guid":{"rendered":"https:\/\/www.portalalerta.com.br\/?p=19948"},"modified":"2019-10-31T00:06:38","modified_gmt":"2019-10-31T03:06:38","slug":"ministerio-publico-afirma-que-porteiro-mentiu-ao-citar-bolsonaro-em-depoimento","status":"publish","type":"post","link":"https:\/\/www.portalalerta.com.br\/index.php\/2019\/10\/31\/ministerio-publico-afirma-que-porteiro-mentiu-ao-citar-bolsonaro-em-depoimento\/","title":{"rendered":"Minist\u00e9rio P\u00fablico afirma que porteiro mentiu ao citar Bolsonaro em depoimento"},"content":{"rendered":"<p style=\"text-align: justify;\">A promotora Simone Sibilio, do Minist\u00e9rio P\u00fablico do Rio de Janeiro, afirmou em entrevista a jornalistas na tarde desta quarta-feira (30) que o porteiro que cita Jair Bolsonaro em seu depoimento mentiu.<!--more--><\/p>\n<p style=\"text-align: justify;\">Reportagem do Jornal Nacional desta ter\u00e7a-feira (29) teve como base depoimento de um porteiro do condom\u00ednio onde o presidente tem casa no Rio. Segundo essa reportagem, no dia do assassinato da vereadora Marielle Franco, o ex-policial militar \u00c9lcio Queiroz, suspeito de envolvimento na morte, disse na portaria do condom\u00ednio que iria \u00e0 casa de Bolsonaro, na \u00e9poca deputado federal.<\/p>\n<p style=\"text-align: justify;\"><img fetchpriority=\"high\" decoding=\"async\" class=\"size-full wp-image-2902 alignleft\" src=\"https:\/\/www.portalalerta.com.br\/wp-content\/uploads\/2017\/11\/elab-2.jpg\" alt=\"\" width=\"310\" height=\"200\" srcset=\"https:\/\/www.portalalerta.com.br\/wp-content\/uploads\/2017\/11\/elab-2.jpg 310w, https:\/\/www.portalalerta.com.br\/wp-content\/uploads\/2017\/11\/elab-2-226x146.jpg 226w, https:\/\/www.portalalerta.com.br\/wp-content\/uploads\/2017\/11\/elab-2-50x32.jpg 50w, https:\/\/www.portalalerta.com.br\/wp-content\/uploads\/2017\/11\/elab-2-116x75.jpg 116w\" sizes=\"(max-width: 310px) 100vw, 310px\" \/>Segundo o depoimento do porteiro \u00e0 Pol\u00edcia Civil do Rio, o suspeito pediu para ir na casa de Bolsonaro e um homem com a mesma voz do presidente teria atendido o interfone e autorizado a entrada. O acusado, no entanto, teria ido em outra casa dentro do condom\u00ednio.<\/p>\n<p style=\"text-align: justify;\">A promotora afirmou que a investiga\u00e7\u00e3o teve acesso \u00e0 planilha da portaria do condom\u00ednio e \u00e0s grava\u00e7\u00f5es do interfone e que restou comprovado que o porteiro interfonou para a casa 65 e que a entrada de \u00c9lcio foi autorizada por Ronnie Lessa, com quem se encontrou.<\/p>\n<p style=\"text-align: justify;\">O Minist\u00e9rio P\u00fablico disse que o porteiro pode ter anotado que \u00c9lcio foi para a casa de Bolsonaro por v\u00e1rios motivos e que eles ser\u00e3o apurados. &#8220;Todas as pessoas que prestam falso testemunho podem ser processadas&#8221;, disse Sibilio.<\/p>\n<p style=\"text-align: justify;\">Questionada em seguida, a promotora disse que o porteiro pode ter se equivocado. Reiterou que o depoimento dele n\u00e3o bate com a prova t\u00e9cnica, que comprovou que \u00e9 a voz de Ronnie Lessa que autoriza a entrada de \u00c9lcio Queiroz \u00e0s 17h07.<\/p>\n<p style=\"text-align: justify;\">Nesta quarta-feira, o vereador Carlos Bolsonaro, filho do presidente, publicou v\u00eddeo, segundo ele gravado na administra\u00e7\u00e3o do condom\u00ednio, no qual apresenta dados conflitantes com os apresentados na reportagem da Globo.<\/p>\n<p style=\"text-align: justify;\">Por volta das 17h de 14 de mar\u00e7o de 2018, data do assassinato de Marielle, foi feita uma solicita\u00e7\u00e3o de entrada, por uma pessoa de nome \u00c9lcio, mas para a casa de Ronnie Lessa, e n\u00e3o para a de Bolsonaro. No v\u00eddeo, Carlos reproduz a liga\u00e7\u00e3o registrada \u00e0s 17h13. O porteiro anuncia a chegada do &#8220;senhor \u00c9lcio&#8221;. A voz do outro lado, diferente da de Jair Bolsonaro, responde: &#8220;T\u00e1, pode liberar a\u00ed&#8221;.<\/p>\n<p style=\"text-align: justify;\"><em>Fonte: Yahoo Not\u00edcias \u00a0\u00a0 <\/em><\/p>\n","protected":false},"excerpt":{"rendered":"<p>A promotora Simone Sibilio, do Minist\u00e9rio P\u00fablico do Rio de Janeiro, afirmou em entrevista a jornalistas na tarde desta quarta-feira (30) que o porteiro que cita Jair Bolsonaro em seu depoimento mentiu.<\/p>\n","protected":false},"author":2,"featured_media":5573,"comment_status":"open","ping_status":"open","sticky":false,"template":"","format":"standard","meta":{"om_disable_all_campaigns":false,"_monsterinsights_skip_tracking":false,"_monsterinsights_sitenote_active":false,"_monsterinsights_sitenote_note":"","_monsterinsights_sitenote_category":0,"footnotes":""},"categories":[34,70,69,21,22],"tags":[93,206,1395,822,352,3188],"class_list":["post-19948","post","type-post","status-publish","format-standard","has-post-thumbnail","hentry","category-brasil","category-destaques","category-noticias2","category-politica","category-seguranca","tag-brasil","tag-homicidio","tag-jair-bolsonaro","tag-marielle-franco","tag-ministerio-publico","tag-mp-rj"],"aioseo_notices":[],"_links":{"self":[{"href":"https:\/\/www.portalalerta.com.br\/index.php\/wp-json\/wp\/v2\/posts\/19948","targetHints":{"allow":["GET"]}}],"collection":[{"href":"https:\/\/www.portalalerta.com.br\/index.php\/wp-json\/wp\/v2\/posts"}],"about":[{"href":"https:\/\/www.portalalerta.com.br\/index.php\/wp-json\/wp\/v2\/types\/post"}],"author":[{"embeddable":true,"href":"https:\/\/www.portalalerta.com.br\/index.php\/wp-json\/wp\/v2\/users\/2"}],"replies":[{"embeddable":true,"href":"https:\/\/www.portalalerta.com.br\/index.php\/wp-json\/wp\/v2\/comments?post=19948"}],"version-history":[{"count":1,"href":"https:\/\/www.portalalerta.com.br\/index.php\/wp-json\/wp\/v2\/posts\/19948\/revisions"}],"predecessor-version":[{"id":19949,"href":"https:\/\/www.portalalerta.com.br\/index.php\/wp-json\/wp\/v2\/posts\/19948\/revisions\/19949"}],"wp:featuredmedia":[{"embeddable":true,"href":"https:\/\/www.portalalerta.com.br\/index.php\/wp-json\/wp\/v2\/media\/5573"}],"wp:attachment":[{"href":"https:\/\/www.portalalerta.com.br\/index.php\/wp-json\/wp\/v2\/media?parent=19948"}],"wp:term":[{"taxonomy":"category","embeddable":true,"href":"https:\/\/www.portalalerta.com.br\/index.php\/wp-json\/wp\/v2\/categories?post=19948"},{"taxonomy":"post_tag","embeddable":true,"href":"https:\/\/www.portalalerta.com.br\/index.php\/wp-json\/wp\/v2\/tags?post=19948"}],"curies":[{"name":"wp","href":"https:\/\/api.w.org\/{rel}","templated":true}]}}