{"id":19950,"date":"2019-10-31T00:10:25","date_gmt":"2019-10-31T03:10:25","guid":{"rendered":"https:\/\/www.portalalerta.com.br\/?p=19950"},"modified":"2019-10-31T00:10:25","modified_gmt":"2019-10-31T03:10:25","slug":"ministerio-publico-abre-vaga-para-assessor-tecnico-juridico-em-ribeira-do-pombal-ba","status":"publish","type":"post","link":"https:\/\/www.portalalerta.com.br\/index.php\/2019\/10\/31\/ministerio-publico-abre-vaga-para-assessor-tecnico-juridico-em-ribeira-do-pombal-ba\/","title":{"rendered":"Minist\u00e9rio P\u00fablico abre vaga para Assessor T\u00e9cnico Jur\u00eddico, em Ribeira do Pombal-BA"},"content":{"rendered":"<p style=\"text-align: justify;\">Objetivando o preenchimento de 01 (uma)vaga para o cargo comissionado de Assessor T\u00e9cnico Jur\u00eddico, consoante Ato Normamtivo n\u00ba 021\/2019 da Procuradoria Geral da Justi\u00e7a de Ribeira do Pombal\/BA, no prazo de 04 a 08de novembro de 2019, receber\u00e1 curr\u00edculos de Bachar\u00e9is em Direito, a fim de participarem da Sele\u00e7\u00e3o Simplificada que consistir\u00e1, no primeior momento, em An\u00e1lise Curricular e, no segundo momento, submiss\u00e3o dos 05 (cinco) primeiros pr\u00e9-selecionados a uma Prova Subjetiva (elabora\u00e7\u00e3o de uma pe\u00e7a pr\u00e1tico-processual referente a um caso concreto) a ser realizada no dia 13 de novembro de 2019, \u00e0s 14h:00min, seguida de Entrevista na sede local.<!--more--><\/p>\n<p style=\"text-align: justify;\"><img fetchpriority=\"high\" decoding=\"async\" class=\"size-thumbnail wp-image-4869 aligncenter\" src=\"https:\/\/www.portalalerta.com.br\/wp-content\/uploads\/2018\/02\/Auto-Escola-Nobre-720x181.jpg\" alt=\"\" width=\"720\" height=\"181\" srcset=\"https:\/\/www.portalalerta.com.br\/wp-content\/uploads\/2018\/02\/Auto-Escola-Nobre.jpg 720w, https:\/\/www.portalalerta.com.br\/wp-content\/uploads\/2018\/02\/Auto-Escola-Nobre-260x65.jpg 260w, https:\/\/www.portalalerta.com.br\/wp-content\/uploads\/2018\/02\/Auto-Escola-Nobre-50x13.jpg 50w, https:\/\/www.portalalerta.com.br\/wp-content\/uploads\/2018\/02\/Auto-Escola-Nobre-150x38.jpg 150w\" sizes=\"(max-width: 720px) 100vw, 720px\" \/>Salienta-se que os interessados\u00a0 dever\u00e3o entregar os curr\u00edculos na sede da Promotoria de Justi\u00e7a de Ribeira do Pombal ou por meio de correspond\u00eancia eletr\u00f4nica (<a href=\"mailto:pombal@mpba.mp.br\">pombal@mpba.mp.br<\/a>), podendo disponibilizar, na oportunidade, para fins de an\u00e1lise e avalia\u00e7\u00e3o, exemplares de pe\u00e7as processuais porventura elaboradas.<\/p>\n<p style=\"text-align: justify;\">Maiores informa\u00e7\u00f5es acerca da jornada de trabalho, atribui\u00e7\u00f5es e remunera\u00e7\u00e3o poder\u00e3o ser obtidas atrav\u00e9s do contato telef\u00f4nico: 71-3103-0182.<\/p>\n<p style=\"text-align: justify;\"><em>Fonte: SECOM\/ MP Ribeira do Pombal <\/em><\/p>\n","protected":false},"excerpt":{"rendered":"<p>Objetivando o preenchimento de 01 (uma)vaga para o cargo comissionado de Assessor T\u00e9cnico Jur\u00eddico, consoante Ato Normamtivo n\u00ba 021\/2019 da Procuradoria Geral da Justi\u00e7a de Ribeira do Pombal\/BA, no prazo de 04 a 08de novembro de 2019, receber\u00e1 curr\u00edculos de Bachar\u00e9is em Direito, a fim de participarem da Sele\u00e7\u00e3o Simplificada que consistir\u00e1, no primeior momento, &hellip;<\/p>\n","protected":false},"author":2,"featured_media":18458,"comment_status":"open","ping_status":"open","sticky":false,"template":"","format":"standard","meta":{"om_disable_all_campaigns":false,"_monsterinsights_skip_tracking":false,"_monsterinsights_sitenote_active":false,"_monsterinsights_sitenote_note":"","_monsterinsights_sitenote_category":0,"footnotes":""},"categories":[70,69,32,3],"tags":[352,511,2967,47],"class_list":["post-19950","post","type-post","status-publish","format-standard","has-post-thumbnail","hentry","category-destaques","category-noticias2","category-regiao","category-ribeira-do-pombal","tag-ministerio-publico","tag-processo-seletivo","tag-promotoria-de-justica","tag-ribeira-do-pombal"],"aioseo_notices":[],"_links":{"self":[{"href":"https:\/\/www.portalalerta.com.br\/index.php\/wp-json\/wp\/v2\/posts\/19950","targetHints":{"allow":["GET"]}}],"collection":[{"href":"https:\/\/www.portalalerta.com.br\/index.php\/wp-json\/wp\/v2\/posts"}],"about":[{"href":"https:\/\/www.portalalerta.com.br\/index.php\/wp-json\/wp\/v2\/types\/post"}],"author":[{"embeddable":true,"href":"https:\/\/www.portalalerta.com.br\/index.php\/wp-json\/wp\/v2\/users\/2"}],"replies":[{"embeddable":true,"href":"https:\/\/www.portalalerta.com.br\/index.php\/wp-json\/wp\/v2\/comments?post=19950"}],"version-history":[{"count":1,"href":"https:\/\/www.portalalerta.com.br\/index.php\/wp-json\/wp\/v2\/posts\/19950\/revisions"}],"predecessor-version":[{"id":19951,"href":"https:\/\/www.portalalerta.com.br\/index.php\/wp-json\/wp\/v2\/posts\/19950\/revisions\/19951"}],"wp:featuredmedia":[{"embeddable":true,"href":"https:\/\/www.portalalerta.com.br\/index.php\/wp-json\/wp\/v2\/media\/18458"}],"wp:attachment":[{"href":"https:\/\/www.portalalerta.com.br\/index.php\/wp-json\/wp\/v2\/media?parent=19950"}],"wp:term":[{"taxonomy":"category","embeddable":true,"href":"https:\/\/www.portalalerta.com.br\/index.php\/wp-json\/wp\/v2\/categories?post=19950"},{"taxonomy":"post_tag","embeddable":true,"href":"https:\/\/www.portalalerta.com.br\/index.php\/wp-json\/wp\/v2\/tags?post=19950"}],"curies":[{"name":"wp","href":"https:\/\/api.w.org\/{rel}","templated":true}]}}