{"id":19955,"date":"2019-10-31T11:24:17","date_gmt":"2019-10-31T14:24:17","guid":{"rendered":"https:\/\/www.portalalerta.com.br\/?p=19955"},"modified":"2019-10-31T11:24:17","modified_gmt":"2019-10-31T14:24:17","slug":"frota-usa-fake-news-na-cpi-das-fake-news","status":"publish","type":"post","link":"https:\/\/www.portalalerta.com.br\/index.php\/2019\/10\/31\/frota-usa-fake-news-na-cpi-das-fake-news\/","title":{"rendered":"Frota usa fake news na CPI das Fake News"},"content":{"rendered":"<p style=\"text-align: justify;\">Outrora grande aliado de Jair Bolsonaro (PSL), o deputado federal Alexandre Frotas (PSDB-SP) disse, nesta quarta-feira (30), em depoimento na CPI das Fake News, que o presidente da Rep\u00fablica protege e financia \u2018terroristas virtuais\u2019, se referindo a um trio de assessores que trabalham dentro do Pal\u00e1cio do Planalto. O tucano, no entanto, protagonizou um momento inusitado citando um tweet falso de Olavo de Carvalho, que \u00e9 tido como guru do presidente da Rep\u00fablica.<!--more--><\/p>\n<p style=\"text-align: justify;\">Frota acusou o vereador Carlos Bolsonaro (PSC-RJ), filho do presidente, de coordenar o trio em quest\u00e3o. &#8220;Vem de dentro do Pal\u00e1cio do Planalto os tr\u00eas personagens que vieram das redes bolsonaristas e tiveram oficializadas as suas redes de ataque com dinheiro p\u00fablico. E quem coordena? Carlos Bolsonaro. Direto do Rio de Janeiro, ele coordena realizando reuni\u00f5es e disparando via WhatsApp os seus comandos.&#8221;, afirmou frota.<\/p>\n<p style=\"text-align: justify;\">De acordo com o depoimento de Frota, o trabalho de assessores que administravam sites e p\u00e1ginas de fake news pr\u00f3-Bolsonaro e ataques a advers\u00e1rios come\u00e7ou antes mesmo das elei\u00e7\u00f5es de 2018. Ap\u00f3s a vit\u00f3ria nas elei\u00e7\u00f5es, o presidente teria institucionalizado essa pr\u00e1tica em prol da sua gest\u00e3o e de seus aliados. &#8220;Bolsonaro se encantou com essas tr\u00eas figuras e os trouxe para trabalhar dentro de seu gabinete&#8221;.<\/p>\n<p style=\"text-align: justify;\"><a href=\"http:\/\/ameicomprar.000webhostapp.com\/neiversoncosta.html\"><img fetchpriority=\"high\" decoding=\"async\" class=\"size-full wp-image-19576 aligncenter\" src=\"https:\/\/www.portalalerta.com.br\/wp-content\/uploads\/2019\/09\/Amei-Cosm\u00e9ticos.jpeg\" alt=\"\" width=\"600\" height=\"150\" srcset=\"https:\/\/www.portalalerta.com.br\/wp-content\/uploads\/2019\/09\/Amei-Cosm\u00e9ticos.jpeg 600w, https:\/\/www.portalalerta.com.br\/wp-content\/uploads\/2019\/09\/Amei-Cosm\u00e9ticos-260x65.jpeg 260w, https:\/\/www.portalalerta.com.br\/wp-content\/uploads\/2019\/09\/Amei-Cosm\u00e9ticos-50x13.jpeg 50w, https:\/\/www.portalalerta.com.br\/wp-content\/uploads\/2019\/09\/Amei-Cosm\u00e9ticos-150x38.jpeg 150w\" sizes=\"(max-width: 600px) 100vw, 600px\" \/><\/a>O trio \u00e9 constitu\u00eddo por Tercio Arnaud Tomaz, Jos\u00e9 Matheus Sales Gomes e Mateus Matos Diniz. Eles j\u00e1 t\u00eam requerimentos de convoca\u00e7\u00e3o aprovados para que prestem esclarecimentos na CPMI. As datas ainda n\u00e3o est\u00e3o definidas.<\/p>\n<p style=\"text-align: justify;\">Em diversos momentos, Frota teve suas falas interrompidas por gritos de outros deputados, que o chamaram de \u201cvendido\u201d. Tamb\u00e9m houve cartazes com os dizeres \u201ctra\u00edras nadaram entre n\u00f3s pelo poder\u201d e &#8220;tra\u00edra oportunista&#8221;.<\/p>\n<p style=\"text-align: justify;\"><strong>Tweet Fake<\/strong><\/p>\n<p style=\"text-align: justify;\">Em determinado momento, Frota apresentou um cartaz com uma suposta publica\u00e7\u00e3o de Olavo de Carvalho, tido como guru de Jair Bolsonaro. O problema \u00e9 que a mensagem era de um perfil falso de Olavo.<\/p>\n<p style=\"text-align: justify;\">Na mensagem, havia uma \u201cpromessa sexual\u201d envolvendo Olavo de Carvalho e Caetano Veloso.<\/p>\n<p style=\"text-align: justify;\">&#8220;Eu espero que o Caetano tome cuidado&#8221;, ironizou o deputado federal do PSDB.<\/p>\n<p style=\"text-align: justify;\"><strong>Caso Queiroz<\/strong><\/p>\n<p style=\"text-align: justify;\">Frota ainda lembrou o ex-assessor do senador Fl\u00e1vio Bolsonaro. Para ele, o \u00e1udio em que Fabr\u00edcio Queiroz d\u00e1 orienta\u00e7\u00f5es sobre cargos comissionados no Congresso \u00e9 uma prova irrefut\u00e1vel da exist\u00eancia das irregularidades envolvendo a fam\u00edlia do presidente.<\/p>\n<p style=\"text-align: justify;\">&#8220;Se isso [\u00e1udio] n\u00e3o \u00e9 uma confiss\u00e3o, \u00e9 o qu\u00ea?&#8221;, questionou o tucano.<\/p>\n<p style=\"text-align: justify;\"><em>Fonte: Yahoo Not\u00edcias <\/em><\/p>\n","protected":false},"excerpt":{"rendered":"<p>Outrora grande aliado de Jair Bolsonaro (PSL), o deputado federal Alexandre Frotas (PSDB-SP) disse, nesta quarta-feira (30), em depoimento na CPI das Fake News, que o presidente da Rep\u00fablica protege e financia \u2018terroristas virtuais\u2019, se referindo a um trio de assessores que trabalham dentro do Pal\u00e1cio do Planalto. O tucano, no entanto, protagonizou um momento &hellip;<\/p>\n","protected":false},"author":2,"featured_media":19956,"comment_status":"open","ping_status":"open","sticky":false,"template":"","format":"standard","meta":{"om_disable_all_campaigns":false,"_monsterinsights_skip_tracking":false,"_monsterinsights_sitenote_active":false,"_monsterinsights_sitenote_note":"","_monsterinsights_sitenote_category":0,"footnotes":""},"categories":[34,70,69,21],"tags":[2591,93,721,215,821,939],"class_list":["post-19955","post","type-post","status-publish","format-standard","has-post-thumbnail","hentry","category-brasil","category-destaques","category-noticias2","category-politica","tag-alexandre-frota","tag-brasil","tag-cpi","tag-deputado-federal","tag-fakenews","tag-psdb"],"aioseo_notices":[],"_links":{"self":[{"href":"https:\/\/www.portalalerta.com.br\/index.php\/wp-json\/wp\/v2\/posts\/19955","targetHints":{"allow":["GET"]}}],"collection":[{"href":"https:\/\/www.portalalerta.com.br\/index.php\/wp-json\/wp\/v2\/posts"}],"about":[{"href":"https:\/\/www.portalalerta.com.br\/index.php\/wp-json\/wp\/v2\/types\/post"}],"author":[{"embeddable":true,"href":"https:\/\/www.portalalerta.com.br\/index.php\/wp-json\/wp\/v2\/users\/2"}],"replies":[{"embeddable":true,"href":"https:\/\/www.portalalerta.com.br\/index.php\/wp-json\/wp\/v2\/comments?post=19955"}],"version-history":[{"count":1,"href":"https:\/\/www.portalalerta.com.br\/index.php\/wp-json\/wp\/v2\/posts\/19955\/revisions"}],"predecessor-version":[{"id":19957,"href":"https:\/\/www.portalalerta.com.br\/index.php\/wp-json\/wp\/v2\/posts\/19955\/revisions\/19957"}],"wp:featuredmedia":[{"embeddable":true,"href":"https:\/\/www.portalalerta.com.br\/index.php\/wp-json\/wp\/v2\/media\/19956"}],"wp:attachment":[{"href":"https:\/\/www.portalalerta.com.br\/index.php\/wp-json\/wp\/v2\/media?parent=19955"}],"wp:term":[{"taxonomy":"category","embeddable":true,"href":"https:\/\/www.portalalerta.com.br\/index.php\/wp-json\/wp\/v2\/categories?post=19955"},{"taxonomy":"post_tag","embeddable":true,"href":"https:\/\/www.portalalerta.com.br\/index.php\/wp-json\/wp\/v2\/tags?post=19955"}],"curies":[{"name":"wp","href":"https:\/\/api.w.org\/{rel}","templated":true}]}}