{"id":19958,"date":"2019-10-31T13:41:43","date_gmt":"2019-10-31T16:41:43","guid":{"rendered":"https:\/\/www.portalalerta.com.br\/?p=19958"},"modified":"2019-10-31T13:41:43","modified_gmt":"2019-10-31T16:41:43","slug":"prefeitura-de-ribeira-do-pombal-ba-prorroga-para-07-de-novembro-prazo-final-para-inscricoes-de-concurso-publico","status":"publish","type":"post","link":"https:\/\/www.portalalerta.com.br\/index.php\/2019\/10\/31\/prefeitura-de-ribeira-do-pombal-ba-prorroga-para-07-de-novembro-prazo-final-para-inscricoes-de-concurso-publico\/","title":{"rendered":"Prefeitura de Ribeira do Pombal-BA prorroga para 07 de novembro, prazo final para inscri\u00e7\u00f5es de Concurso P\u00fablico"},"content":{"rendered":"<p style=\"text-align: justify;\">Foi divulgado na manh\u00e3 desta quinta-feira, 31, o edital de prorroga\u00e7\u00e3o do prazo para as inscri\u00e7\u00f5es do Concurso P\u00fablico do Munic\u00edpio de Ribeira do Pombal-BA.<!--more--><\/p>\n<p style=\"text-align: justify;\"><img fetchpriority=\"high\" decoding=\"async\" class=\"size-full wp-image-2902 alignleft\" src=\"https:\/\/www.portalalerta.com.br\/wp-content\/uploads\/2017\/11\/elab-2.jpg\" alt=\"\" width=\"310\" height=\"200\" srcset=\"https:\/\/www.portalalerta.com.br\/wp-content\/uploads\/2017\/11\/elab-2.jpg 310w, https:\/\/www.portalalerta.com.br\/wp-content\/uploads\/2017\/11\/elab-2-226x146.jpg 226w, https:\/\/www.portalalerta.com.br\/wp-content\/uploads\/2017\/11\/elab-2-50x32.jpg 50w, https:\/\/www.portalalerta.com.br\/wp-content\/uploads\/2017\/11\/elab-2-116x75.jpg 116w\" sizes=\"(max-width: 310px) 100vw, 310px\" \/>Iniciado no dia 03 do corrente m\u00eas, o prazo para <a href=\"https:\/\/www.brbconsultoria.com.br\/informacoes\/9\/\"><strong>inscri\u00e7\u00f5es<\/strong><\/a> seria encerrado no dia 31, mas agora com a prorroga\u00e7\u00e3o segue at\u00e9 o dia 07. \u00a0Confira <a href=\"https:\/\/www.brbconsultoria.com.br\/uploads\/233\/concursos\/9\/anexos\/6ac0fad4edd59e7ce9288afa4c4e66ef.pdf\"><strong>AQUI<\/strong><\/a> o edital de prorroga\u00e7\u00e3o.<\/p>\n<p style=\"text-align: justify;\">Ao todo ser\u00e3o ofertadas 124 vagas para 25 cargos diferentes.<\/p>\n<p style=\"text-align: justify;\"><em>Reda\u00e7\u00e3o: Portal Alerta <\/em><\/p>\n","protected":false},"excerpt":{"rendered":"<p>Foi divulgado na manh\u00e3 desta quinta-feira, 31, o edital de prorroga\u00e7\u00e3o do prazo para as inscri\u00e7\u00f5es do Concurso P\u00fablico do Munic\u00edpio de Ribeira do Pombal-BA.<\/p>\n","protected":false},"author":2,"featured_media":3799,"comment_status":"open","ping_status":"open","sticky":false,"template":"","format":"standard","meta":{"om_disable_all_campaigns":false,"_monsterinsights_skip_tracking":false,"_monsterinsights_sitenote_active":false,"_monsterinsights_sitenote_note":"","_monsterinsights_sitenote_category":0,"footnotes":""},"categories":[70,69,21,32,3],"tags":[3189,3034,1896,145,1177,47],"class_list":["post-19958","post","type-post","status-publish","format-standard","has-post-thumbnail","hentry","category-destaques","category-noticias2","category-politica","category-regiao","category-ribeira-do-pombal","tag-brb-consultoria","tag-concurso-publico","tag-inscricoes","tag-prefeitura","tag-prorrogacao","tag-ribeira-do-pombal"],"aioseo_notices":[],"_links":{"self":[{"href":"https:\/\/www.portalalerta.com.br\/index.php\/wp-json\/wp\/v2\/posts\/19958","targetHints":{"allow":["GET"]}}],"collection":[{"href":"https:\/\/www.portalalerta.com.br\/index.php\/wp-json\/wp\/v2\/posts"}],"about":[{"href":"https:\/\/www.portalalerta.com.br\/index.php\/wp-json\/wp\/v2\/types\/post"}],"author":[{"embeddable":true,"href":"https:\/\/www.portalalerta.com.br\/index.php\/wp-json\/wp\/v2\/users\/2"}],"replies":[{"embeddable":true,"href":"https:\/\/www.portalalerta.com.br\/index.php\/wp-json\/wp\/v2\/comments?post=19958"}],"version-history":[{"count":1,"href":"https:\/\/www.portalalerta.com.br\/index.php\/wp-json\/wp\/v2\/posts\/19958\/revisions"}],"predecessor-version":[{"id":19959,"href":"https:\/\/www.portalalerta.com.br\/index.php\/wp-json\/wp\/v2\/posts\/19958\/revisions\/19959"}],"wp:featuredmedia":[{"embeddable":true,"href":"https:\/\/www.portalalerta.com.br\/index.php\/wp-json\/wp\/v2\/media\/3799"}],"wp:attachment":[{"href":"https:\/\/www.portalalerta.com.br\/index.php\/wp-json\/wp\/v2\/media?parent=19958"}],"wp:term":[{"taxonomy":"category","embeddable":true,"href":"https:\/\/www.portalalerta.com.br\/index.php\/wp-json\/wp\/v2\/categories?post=19958"},{"taxonomy":"post_tag","embeddable":true,"href":"https:\/\/www.portalalerta.com.br\/index.php\/wp-json\/wp\/v2\/tags?post=19958"}],"curies":[{"name":"wp","href":"https:\/\/api.w.org\/{rel}","templated":true}]}}