{"id":20123,"date":"2019-11-14T19:31:54","date_gmt":"2019-11-14T22:31:54","guid":{"rendered":"https:\/\/www.portalalerta.com.br\/?p=20123"},"modified":"2019-11-14T19:31:54","modified_gmt":"2019-11-14T22:31:54","slug":"aliados-de-guaido-deixam-embaixada-da-venezuela-em-brasilia","status":"publish","type":"post","link":"https:\/\/www.portalalerta.com.br\/index.php\/2019\/11\/14\/aliados-de-guaido-deixam-embaixada-da-venezuela-em-brasilia\/","title":{"rendered":"Aliados de Guaid\u00f3 deixam embaixada da Venezuela em Bras\u00edlia"},"content":{"rendered":"<p style=\"text-align: justify;\">Ap\u00f3s mais de 12 horas de ocupa\u00e7\u00e3o, aliados do autoproclamado presidente da Venezuela, Juan Guaid\u00f3, deixaram a embaixada do pa\u00eds no Brasil sob escolta policial no fim da tarde desta quarta-feira (13).<!--more--><\/p>\n<p style=\"text-align: justify;\">Al\u00e9m do diplomata Tom\u00e1s Silva, autoproclamado ministro-conselheiro, outros dez apoiadores de Guaid\u00f3 sa\u00edram pela porta dos fundos, para evitar os manifestantes ligados a partidos da esquerda amontoados na entrada principal do local.<\/p>\n<p style=\"text-align: justify;\">Houve um princ\u00edpio de confus\u00e3o com os manifestantes, que se debru\u00e7aram nas grades e come\u00e7aram a xingar os aliados de Guaid\u00f3. Policiais militares usaram spray de pimenta para dispersar os manifestantes.<\/p>\n<p style=\"text-align: justify;\">A invas\u00e3o da embaixada aconteceu no primeiro dia da C\u00fapula dos Brics em Bras\u00edlia. O gesto foi visto como proposital pelo governo brasileiro e causou um constrangimento diplom\u00e1tico, uma vez que os l\u00edderes de China e R\u00fassia apoiam o ditador Nicol\u00e1s Maduro, ao contr\u00e1rio do presidente Jair Bolsonaro (PSL), cuja gest\u00e3o reconheceu Guaid\u00f3 como leg\u00edtimo representante do pa\u00eds vizinho.<\/p>\n<p style=\"text-align: justify;\">Na manh\u00e3 desta quarta-feira (13), Tom\u00e1s Silva, ministro-conselheiro e n\u00famero dois da embaixadora Mar\u00eda Teresa Belandria, representante de Guaid\u00f3, invadiu o pr\u00e9dio da embaixada em Bras\u00edlia.<\/p>\n<p style=\"text-align: justify;\">\u200bNas primeiras horas da manh\u00e3, o encarregado de neg\u00f3cios da embaixada venezuelana em Bras\u00edlia, Freddy Efrain Meregote Flores, distribuiu uma mensagem de \u00e1udio a aliados pedindo ajuda.<br \/>\n\u201cInformo a voc\u00eas que pessoas estranhas est\u00e3o entrando e violentando o territ\u00f3rio da Venezuela. Precisamos de ajuda, precisamos de a\u00e7\u00e3o imediata de todos os movimentos sociais de partidos pol\u00edticos\u201d, afirmou Meregote na mensagem.<\/p>\n<p style=\"text-align: justify;\">O epis\u00f3dio gerou um tumulto no local e a pol\u00edcia militar foi chamada. Parlamentares de partidos de esquerda do Brasil, como PT e PC do B, fizeram publica\u00e7\u00f5es nas redes sociais criticando a entrada de Silva.<\/p>\n<p style=\"text-align: justify;\">Aliados da Venezuela, como integrantes da diplomacia cubana em Bras\u00edlia, tamb\u00e9m protestaram contra o ingresso do diplomata oposicionista.<\/p>\n<p style=\"text-align: justify;\">Apoiadores do presidente Jair Bolsonaro (PSL) bateram boca com manifestantes que foram \u00e0 embaixada defender o regime de Nicol\u00e1s Maduro. At\u00e9 11h, pelo menos duas confus\u00f5es envolvendo apoiadores de Bolsonaro foram registradas. Um deles chegou ao local e come\u00e7ou a fazer uma transmiss\u00e3o ao vivo, sendo hostilizado por apoiadores de Maduro que estavam em frente \u00e0 embaixada.<\/p>\n<p style=\"text-align: justify;\">Depois de 20 minutos, um jovem com cerca de 20 anos tamb\u00e9m chegou ao local e come\u00e7ou a gravar. Ele foi perseguido por homens usando camisas em apoio ao ex-presidente Luiz In\u00e1cio Lula da Silva, mas conseguiu fugir.<\/p>\n<p style=\"text-align: justify;\">O v\u00eddeo abaixo mostra um confronto na entrada da embaixada entre apoiadores de Maduro e de Guaid\u00f3 (de branco).<\/p>\n<p style=\"text-align: justify;\">Dois manifestantes foram levados pela Pol\u00edcia Militar ao entrar em confus\u00e3o com um terceiro homem que foi \u00e0 embaixada defender Guaid\u00f3, enquanto um apoiador de Guaid\u00f3 tamb\u00e9m foi colocado no carro da PM e deixou o local.<\/p>\n<p style=\"text-align: justify;\">Por volta de 15h, uma das tr\u00eas mulheres que estavam no grupo de apoiadores de Guaid\u00f3 na embaixada passou mal e teve que ser retirada em uma ambul\u00e2ncia. Cerca de dez aliados do autoproclamado presidente venezuelano permanecem no local.<\/p>\n<p style=\"text-align: justify;\">Enquanto apoiadores de Maduro falam em invas\u00e3o, aliados de Guaid\u00f3 veem na ajuda dos funcion\u00e1rios da embaixada um reconhecimento de sua legitimidade como presidente autoproclamado.<\/p>\n<p style=\"text-align: justify;\">O venezuelano Alberto Palombo, apoiador de Guaid\u00f3, participou da a\u00e7\u00e3o. Ele disse ter sido convocado na manh\u00e3 desta quarta para entrar na embaixada por pessoas que trabalham no local.<br \/>\n\u201cN\u00e3o trabalho para a embaixadora, eu simplesmente vim ajudar. Aqui tem muitos venezuelanos que sa\u00edram do nosso pa\u00eds fugindo de uma crise humanit\u00e1ria\u201d, disse. Segundo ele, haveria cerca de 15 pessoas aliadas de Guaid\u00f3 dentro da embaixada.<\/p>\n<p style=\"text-align: justify;\">Em uma rede social, Eduardo Bolsonaro, l\u00edder do PSL na C\u00e2mara e filho do presidente Jair Bolsonaro, afirmou que o Brasil \u201ctem responsabilidade com a crise venezuelana provocada pelo socialismo do s\u00e9c.XXI de Ch\u00e1vez e Maduro\u201d.<\/p>\n<p style=\"text-align: justify;\">\u201cDesvios do BNDES para obras na Venezuela e em Cuba financiaram o Foro de SP\u201d, continuou. Em outra mensagem, ele afirmou que a \u201cesquerdalha foi para a porta da embaixada da Venezuela no Brasil, quero ver \u00e9 ir para a Venezuela viver como cidad\u00e3o venezuelano comum\u201d.<\/p>\n<p style=\"text-align: justify;\">J\u00e1 deputados de esquerda acusam o governo brasileiro de ter um comportamento d\u00fabio. Para Glauber Braga (PSOL-RJ), embora o Planalto tenha se manifestado contra a a\u00e7\u00e3o, representantes do Itamaraty que est\u00e3o na embaixada n\u00e3o est\u00e3o dando orienta\u00e7\u00f5es ou dialogando com os apoiadores de Guaid\u00f3 para que deixem o local.<br \/>\n\u201cH\u00e1 aqui uma d\u00favida se isso n\u00e3o \u00e9 uma a\u00e7\u00e3o orquestrada com o pr\u00f3prio governo brasileiro ou pelo menos com uma parte do governo brasileiro\u201d, disse.<\/p>\n<p style=\"text-align: justify;\">O presidente Jair Bolsonaro repudiou \u201ca interfer\u00eancia de atores externos\u201d em uma rede social. Ele disse que o governo est\u00e1 tomando \u201cas medidas necess\u00e1rias para resguardar a ordem p\u00fablica e evitar atos de viol\u00eancia, em conformidade com a Conven\u00e7\u00e3o de Viena sobre Rela\u00e7\u00f5es Diplom\u00e1ticas\u201d.<\/p>\n<p style=\"text-align: justify;\"><strong><a href=\"http:\/\/ameicomprar.000webhostapp.com\/neiversoncosta.html\"><img fetchpriority=\"high\" decoding=\"async\" class=\"size-full wp-image-19576 aligncenter\" src=\"https:\/\/www.portalalerta.com.br\/wp-content\/uploads\/2019\/09\/Amei-Cosm\u00e9ticos.jpeg\" alt=\"\" width=\"600\" height=\"150\" srcset=\"https:\/\/www.portalalerta.com.br\/wp-content\/uploads\/2019\/09\/Amei-Cosm\u00e9ticos.jpeg 600w, https:\/\/www.portalalerta.com.br\/wp-content\/uploads\/2019\/09\/Amei-Cosm\u00e9ticos-260x65.jpeg 260w, https:\/\/www.portalalerta.com.br\/wp-content\/uploads\/2019\/09\/Amei-Cosm\u00e9ticos-50x13.jpeg 50w, https:\/\/www.portalalerta.com.br\/wp-content\/uploads\/2019\/09\/Amei-Cosm\u00e9ticos-150x38.jpeg 150w\" sizes=\"(max-width: 600px) 100vw, 600px\" \/><\/a>IMPASSE DIPLOM\u00c1TICO<\/strong><\/p>\n<p style=\"text-align: justify;\">Na manh\u00e3 desta quarta-feira (13), o ministro das Rela\u00e7\u00f5es Exteriores, Ernesto Ara\u00fajo, discutiu o impasse na miss\u00e3o diplom\u00e1tica venezuelana com o presidente Jair Bolsonaro.<\/p>\n<p style=\"text-align: justify;\">O Itamaraty enviou \u00e0 embaixada um diplomata para tentar negociar uma sa\u00edda. De acordo com o minist\u00e9rio, o negociador est\u00e1 acompanhado de um agente do batalh\u00e3o Rio Branco, for\u00e7a da Pol\u00edcia Militar do Distrito Militar respons\u00e1vel pela seguran\u00e7a das miss\u00f5es diplom\u00e1ticas.<\/p>\n<p style=\"text-align: justify;\">O objetivo, diz a pasta, \u00e9 garantir a integridade f\u00edsica das pessoas que agora est\u00e3o no edif\u00edcio.<\/p>\n<p style=\"text-align: justify;\">Embora o Brasil reconhe\u00e7a oficialmente Belandria como a representante de Guaid\u00f3, o pa\u00eds n\u00e3o adotou at\u00e9 o momento a iniciativa de expulsar os representantes do regime de Nicol\u00e1s Maduro.<\/p>\n<p style=\"text-align: justify;\">Existe receio no Itamaraty que uma medida dessa natureza gere rea\u00e7\u00f5es na Venezuela, onde vive uma comunidade de brasileiros e onde h\u00e1 diplomatas do pa\u00eds trabalhando.<\/p>\n<p style=\"text-align: justify;\">De acordo com interlocutores no Itamaraty, a legisla\u00e7\u00e3o consular obriga o governo a garantir a seguran\u00e7a de diplomatas que trabalham no pa\u00eds -mesmo aqueles de um governo com qual o Brasil n\u00e3o mant\u00e9m rela\u00e7\u00f5es diplom\u00e1ticas.<\/p>\n<p style=\"text-align: justify;\">A coincid\u00eancia do epis\u00f3dio com o in\u00edcio do encontro dos Brics -grupo formado por Brasil, R\u00fassia, China, \u00cdndia e \u00c1frica do Sul- pode trazer problemas para o governo de Bolsonaro.<\/p>\n<p style=\"text-align: justify;\">O Pal\u00e1cio do Planalto pretendia manter o tema da Venezuela de fora da pauta do encontro, j\u00e1 que os l\u00edderes de R\u00fassia, Vladimir Putin, e China, Xi Jinping, s\u00e3o aliados de Maduro.<\/p>\n<p style=\"text-align: justify;\">A posi\u00e7\u00e3o majorit\u00e1ria do governo \u00e9 para que Bolsonaro siga a estrat\u00e9gia de n\u00e3o criar pol\u00eamicas com os pa\u00edses, mas j\u00e1 h\u00e1 assessores presidenciais que defendem a necessidade de ele se posicionar a favor de Juan Guaid\u00f3 depois do incidente.<\/p>\n<p style=\"text-align: justify;\">Aliados do presidente diziam que a meta era deixar assuntos pol\u00eamicos de fora da c\u00fapula. A ala mais radical do governo, por\u00e9m, chegou a cogitar um convite a Guaid\u00f3 para participar da reuni\u00e3o, o que foi descartado no desenrolar da organiza\u00e7\u00e3o.<\/p>\n<p style=\"text-align: justify;\">A chancelaria brasileira decidiu n\u00e3o convidar nenhum pa\u00eds vizinho para participar da reuni\u00e3o dos Brics devido ao momento de instabilidade pol\u00edtica na Am\u00e9rica Latina, marcado por turbul\u00eancias e mudan\u00e7as de governo em pa\u00edses como Argentina, Chile, Bol\u00edvia e Peru.<\/p>\n<p style=\"text-align: justify;\">Em junho, quando Bolsonaro participou de encontro do grupo de pa\u00edses emergentes \u00e0 margem da reuni\u00e3o de c\u00fapula do G20, no Jap\u00e3o, ele decidiu n\u00e3o entrar no assunto da Venezuela em seu discurso de abertura.<\/p>\n<p style=\"text-align: justify;\">Ele havia programado inicialmente falar sobre a situa\u00e7\u00e3o do pa\u00eds vizinho, mas foi convencido pela equipe econ\u00f4mica e por militares a adotar modera\u00e7\u00e3o.<\/p>\n<p style=\"text-align: justify;\">\u00c0 \u00e9poca, o presidente brasileiro disse que excluiu as cr\u00edticas a Maduro de sua fala para n\u00e3o provocar a R\u00fassia, que classificou como uma \u201cpot\u00eancia nuclear\u201d.<\/p>\n<p style=\"text-align: justify;\"><em>Fonte: Canabrava FM<\/em><\/p>\n<p style=\"text-align: justify;\"><em>Com informa\u00e7\u00f5es: Ag\u00eancia Brasil<\/em><\/p>\n","protected":false},"excerpt":{"rendered":"<p>Ap\u00f3s mais de 12 horas de ocupa\u00e7\u00e3o, aliados do autoproclamado presidente da Venezuela, Juan Guaid\u00f3, deixaram a embaixada do pa\u00eds no Brasil sob escolta policial no fim da tarde desta quarta-feira (13).<\/p>\n","protected":false},"author":2,"featured_media":20124,"comment_status":"open","ping_status":"open","sticky":false,"template":"","format":"standard","meta":{"om_disable_all_campaigns":false,"_monsterinsights_skip_tracking":false,"_monsterinsights_sitenote_active":false,"_monsterinsights_sitenote_note":"","_monsterinsights_sitenote_category":0,"footnotes":""},"categories":[34,70,35,69,21],"tags":[93,3218,2184,326],"class_list":["post-20123","post","type-post","status-publish","format-standard","has-post-thumbnail","hentry","category-brasil","category-destaques","category-mundo","category-noticias2","category-politica","tag-brasil","tag-embaixada","tag-guaido","tag-venezuela"],"aioseo_notices":[],"_links":{"self":[{"href":"https:\/\/www.portalalerta.com.br\/index.php\/wp-json\/wp\/v2\/posts\/20123","targetHints":{"allow":["GET"]}}],"collection":[{"href":"https:\/\/www.portalalerta.com.br\/index.php\/wp-json\/wp\/v2\/posts"}],"about":[{"href":"https:\/\/www.portalalerta.com.br\/index.php\/wp-json\/wp\/v2\/types\/post"}],"author":[{"embeddable":true,"href":"https:\/\/www.portalalerta.com.br\/index.php\/wp-json\/wp\/v2\/users\/2"}],"replies":[{"embeddable":true,"href":"https:\/\/www.portalalerta.com.br\/index.php\/wp-json\/wp\/v2\/comments?post=20123"}],"version-history":[{"count":1,"href":"https:\/\/www.portalalerta.com.br\/index.php\/wp-json\/wp\/v2\/posts\/20123\/revisions"}],"predecessor-version":[{"id":20125,"href":"https:\/\/www.portalalerta.com.br\/index.php\/wp-json\/wp\/v2\/posts\/20123\/revisions\/20125"}],"wp:featuredmedia":[{"embeddable":true,"href":"https:\/\/www.portalalerta.com.br\/index.php\/wp-json\/wp\/v2\/media\/20124"}],"wp:attachment":[{"href":"https:\/\/www.portalalerta.com.br\/index.php\/wp-json\/wp\/v2\/media?parent=20123"}],"wp:term":[{"taxonomy":"category","embeddable":true,"href":"https:\/\/www.portalalerta.com.br\/index.php\/wp-json\/wp\/v2\/categories?post=20123"},{"taxonomy":"post_tag","embeddable":true,"href":"https:\/\/www.portalalerta.com.br\/index.php\/wp-json\/wp\/v2\/tags?post=20123"}],"curies":[{"name":"wp","href":"https:\/\/api.w.org\/{rel}","templated":true}]}}