{"id":20126,"date":"2019-11-14T19:33:24","date_gmt":"2019-11-14T22:33:24","guid":{"rendered":"https:\/\/www.portalalerta.com.br\/?p=20126"},"modified":"2019-11-14T19:33:24","modified_gmt":"2019-11-14T22:33:24","slug":"ribeira-do-pombal-ba-e-destaque-em-maratona-de-projetos-publicos-do-sebrae-bahia","status":"publish","type":"post","link":"https:\/\/www.portalalerta.com.br\/index.php\/2019\/11\/14\/ribeira-do-pombal-ba-e-destaque-em-maratona-de-projetos-publicos-do-sebrae-bahia\/","title":{"rendered":"Ribeira do Pombal-BA \u00e9 destaque em Maratona de Projetos P\u00fablicos do Sebrae-Bahia"},"content":{"rendered":"<p style=\"text-align: justify;\">A Prefeitura Municipal de Ribeira do Pombal-BA, atrav\u00e9s da Diretoria de Desenvolvimento Sustent\u00e1vel participou da \u201cMaratona de Projetos P\u00fablicos 2019\u201d, do Sebrae-Bahia que trata-se de concurso realizado visando selecionar ideias que s\u00e3o capazes de promover o desenvolvimento econ\u00f4mico local, com foco nos pequenos neg\u00f3cios.<!--more--><\/p>\n<p style=\"text-align: justify;\"><img fetchpriority=\"high\" decoding=\"async\" class=\"size-full wp-image-2902 alignleft\" src=\"https:\/\/www.portalalerta.com.br\/wp-content\/uploads\/2017\/11\/elab-2.jpg\" alt=\"\" width=\"310\" height=\"200\" srcset=\"https:\/\/www.portalalerta.com.br\/wp-content\/uploads\/2017\/11\/elab-2.jpg 310w, https:\/\/www.portalalerta.com.br\/wp-content\/uploads\/2017\/11\/elab-2-226x146.jpg 226w, https:\/\/www.portalalerta.com.br\/wp-content\/uploads\/2017\/11\/elab-2-50x32.jpg 50w, https:\/\/www.portalalerta.com.br\/wp-content\/uploads\/2017\/11\/elab-2-116x75.jpg 116w\" sizes=\"(max-width: 310px) 100vw, 310px\" \/>Os participantes, de toda a Bahia, apresentaram projetos a partir dos temas: Compras P\u00fablicas, Desburocratiza\u00e7\u00e3o e Cidade Empreendedora, Cidade Inteligente e Criativa. Ribeira do Pombal participou com o \u201cProjeto Qualificar e Empreender: Terra Forte\u201d e ficou entre os 25 melhores Bahia.<\/p>\n<p style=\"text-align: justify;\">A pr\u00f3xima etapa ser\u00e1 realizada entre os dias 18 a 22 de novembro em Salvador e ser\u00e1 a fase onde os projetos ser\u00e3o aprimorados com a participa\u00e7\u00e3o dos t\u00e9cnicos do Sebrae para posterior implanta\u00e7\u00e3o no munic\u00edpio. \u201cSinal de que vem boas not\u00edcias pela frente. Aguardemos\u201d, \u201cfoi o que informou o Secret\u00e1rio de Administra\u00e7\u00e3o e Finan\u00e7as, Armando da Fons\u00eaca\u201d.<\/p>\n<p style=\"text-align: justify;\"><em>Fonte: SECOM\/ Ribeira do Pombal<\/em><\/p>\n","protected":false},"excerpt":{"rendered":"<p>A Prefeitura Municipal de Ribeira do Pombal-BA, atrav\u00e9s da Diretoria de Desenvolvimento Sustent\u00e1vel participou da \u201cMaratona de Projetos P\u00fablicos 2019\u201d, do Sebrae-Bahia que trata-se de concurso realizado visando selecionar ideias que s\u00e3o capazes de promover o desenvolvimento econ\u00f4mico local, com foco nos pequenos neg\u00f3cios.<\/p>\n","protected":false},"author":2,"featured_media":20127,"comment_status":"open","ping_status":"open","sticky":false,"template":"","format":"standard","meta":{"om_disable_all_campaigns":false,"_monsterinsights_skip_tracking":false,"_monsterinsights_sitenote_active":false,"_monsterinsights_sitenote_note":"","_monsterinsights_sitenote_category":0,"footnotes":""},"categories":[33,70,69,21,32,3],"tags":[3219,145,47,1033],"class_list":["post-20126","post","type-post","status-publish","format-standard","has-post-thumbnail","hentry","category-bahia","category-destaques","category-noticias2","category-politica","category-regiao","category-ribeira-do-pombal","tag-maratona-de-projetos-publicos","tag-prefeitura","tag-ribeira-do-pombal","tag-sebrae"],"aioseo_notices":[],"_links":{"self":[{"href":"https:\/\/www.portalalerta.com.br\/index.php\/wp-json\/wp\/v2\/posts\/20126","targetHints":{"allow":["GET"]}}],"collection":[{"href":"https:\/\/www.portalalerta.com.br\/index.php\/wp-json\/wp\/v2\/posts"}],"about":[{"href":"https:\/\/www.portalalerta.com.br\/index.php\/wp-json\/wp\/v2\/types\/post"}],"author":[{"embeddable":true,"href":"https:\/\/www.portalalerta.com.br\/index.php\/wp-json\/wp\/v2\/users\/2"}],"replies":[{"embeddable":true,"href":"https:\/\/www.portalalerta.com.br\/index.php\/wp-json\/wp\/v2\/comments?post=20126"}],"version-history":[{"count":1,"href":"https:\/\/www.portalalerta.com.br\/index.php\/wp-json\/wp\/v2\/posts\/20126\/revisions"}],"predecessor-version":[{"id":20128,"href":"https:\/\/www.portalalerta.com.br\/index.php\/wp-json\/wp\/v2\/posts\/20126\/revisions\/20128"}],"wp:featuredmedia":[{"embeddable":true,"href":"https:\/\/www.portalalerta.com.br\/index.php\/wp-json\/wp\/v2\/media\/20127"}],"wp:attachment":[{"href":"https:\/\/www.portalalerta.com.br\/index.php\/wp-json\/wp\/v2\/media?parent=20126"}],"wp:term":[{"taxonomy":"category","embeddable":true,"href":"https:\/\/www.portalalerta.com.br\/index.php\/wp-json\/wp\/v2\/categories?post=20126"},{"taxonomy":"post_tag","embeddable":true,"href":"https:\/\/www.portalalerta.com.br\/index.php\/wp-json\/wp\/v2\/tags?post=20126"}],"curies":[{"name":"wp","href":"https:\/\/api.w.org\/{rel}","templated":true}]}}