{"id":20135,"date":"2019-11-15T12:12:10","date_gmt":"2019-11-15T15:12:10","guid":{"rendered":"https:\/\/www.portalalerta.com.br\/?p=20135"},"modified":"2019-11-15T13:39:58","modified_gmt":"2019-11-15T16:39:58","slug":"ex-vereador-de-nova-soure-ba-morre-ao-ser-atacado-por-enxame-de-abelhas","status":"publish","type":"post","link":"https:\/\/www.portalalerta.com.br\/index.php\/2019\/11\/15\/ex-vereador-de-nova-soure-ba-morre-ao-ser-atacado-por-enxame-de-abelhas\/","title":{"rendered":"Ex vereador de Nova Soure-BA morre ao ser atacado por enxame de abelhas"},"content":{"rendered":"<p style=\"text-align: justify;\">Por volta das 10:00hs desta quinta-feira, 14, um homem morreu quando se encontrava em seu s\u00edtio, nas proximidades da Rua do Cemit\u00e9rio, ap\u00f3s ter sido atacado por um enxame de abelhas.<!--more--><\/p>\n<p style=\"text-align: justify;\"><img fetchpriority=\"high\" decoding=\"async\" class=\"size-thumbnail wp-image-20136 aligncenter\" src=\"https:\/\/www.portalalerta.com.br\/wp-content\/uploads\/2019\/11\/Real-Estilo-e-Moda-e-Voc\u00ea-711x240.jpg\" alt=\"\" width=\"711\" height=\"240\" \/>A v\u00edtima foi identificada como o ex vereador da cidade, Almiro Gois Saldanha. Policiais Militares estiveram no local, onde auxiliaram no translado do corpo at\u00e9 o Hospital Municipal Cora\u00e7\u00e3o de Jesus, onde aguardou a chegada do Departamento de Pol\u00edcia T\u00e9cnica (DPT \u2013 Euclides da Cunha).<\/p>\n<p style=\"text-align: justify;\">Bila, como era conhecido o ex vereador, morava na Av\u00a0 Barreto Dantas, centro de Nova Soure, e estava realizando uma limpeza no s\u00edtio, no momento do ataque.<\/p>\n<figure id=\"attachment_20137\" aria-describedby=\"caption-attachment-20137\" style=\"width: 650px\" class=\"wp-caption aligncenter\"><img decoding=\"async\" class=\"wp-image-20137 size-full\" src=\"https:\/\/www.portalalerta.com.br\/wp-content\/uploads\/2019\/11\/Almiro-Gois-Saldanha.jpg\" alt=\"\" width=\"650\" height=\"369\" srcset=\"https:\/\/www.portalalerta.com.br\/wp-content\/uploads\/2019\/11\/Almiro-Gois-Saldanha.jpg 650w, https:\/\/www.portalalerta.com.br\/wp-content\/uploads\/2019\/11\/Almiro-Gois-Saldanha-423x240.jpg 423w, https:\/\/www.portalalerta.com.br\/wp-content\/uploads\/2019\/11\/Almiro-Gois-Saldanha-257x146.jpg 257w, https:\/\/www.portalalerta.com.br\/wp-content\/uploads\/2019\/11\/Almiro-Gois-Saldanha-50x28.jpg 50w, https:\/\/www.portalalerta.com.br\/wp-content\/uploads\/2019\/11\/Almiro-Gois-Saldanha-132x75.jpg 132w\" sizes=\"(max-width: 650px) 100vw, 650px\" \/><figcaption id=\"caption-attachment-20137\" class=\"wp-caption-text\">Almiro morreu ao ser atacado por um enxame de abelhas. Cr\u00e9dito: Calila Not\u00edcias<\/figcaption><\/figure>\n<p style=\"text-align: justify;\"><em>Reda\u00e7\u00e3o: Portal Alerta<\/em><\/p>\n","protected":false},"excerpt":{"rendered":"<p>Por volta das 10:00hs desta quinta-feira, 14, um homem morreu quando se encontrava em seu s\u00edtio, nas proximidades da Rua do Cemit\u00e9rio, ap\u00f3s ter sido atacado por um enxame de abelhas.<\/p>\n","protected":false},"author":2,"featured_media":19287,"comment_status":"open","ping_status":"open","sticky":false,"template":"","format":"standard","meta":{"om_disable_all_campaigns":false,"_monsterinsights_skip_tracking":false,"_monsterinsights_sitenote_active":false,"_monsterinsights_sitenote_note":"","_monsterinsights_sitenote_category":0,"footnotes":""},"categories":[70,69,14,21,32],"tags":[3103,444,995,169,106],"class_list":["post-20135","post","type-post","status-publish","format-standard","has-post-thumbnail","hentry","category-destaques","category-noticias2","category-nova-soure","category-politica","category-regiao","tag-abelhas","tag-ex-vereador","tag-hospital-municipal-coracao-de-jesus","tag-morte","tag-nova-soure"],"aioseo_notices":[],"_links":{"self":[{"href":"https:\/\/www.portalalerta.com.br\/index.php\/wp-json\/wp\/v2\/posts\/20135","targetHints":{"allow":["GET"]}}],"collection":[{"href":"https:\/\/www.portalalerta.com.br\/index.php\/wp-json\/wp\/v2\/posts"}],"about":[{"href":"https:\/\/www.portalalerta.com.br\/index.php\/wp-json\/wp\/v2\/types\/post"}],"author":[{"embeddable":true,"href":"https:\/\/www.portalalerta.com.br\/index.php\/wp-json\/wp\/v2\/users\/2"}],"replies":[{"embeddable":true,"href":"https:\/\/www.portalalerta.com.br\/index.php\/wp-json\/wp\/v2\/comments?post=20135"}],"version-history":[{"count":2,"href":"https:\/\/www.portalalerta.com.br\/index.php\/wp-json\/wp\/v2\/posts\/20135\/revisions"}],"predecessor-version":[{"id":20146,"href":"https:\/\/www.portalalerta.com.br\/index.php\/wp-json\/wp\/v2\/posts\/20135\/revisions\/20146"}],"wp:featuredmedia":[{"embeddable":true,"href":"https:\/\/www.portalalerta.com.br\/index.php\/wp-json\/wp\/v2\/media\/19287"}],"wp:attachment":[{"href":"https:\/\/www.portalalerta.com.br\/index.php\/wp-json\/wp\/v2\/media?parent=20135"}],"wp:term":[{"taxonomy":"category","embeddable":true,"href":"https:\/\/www.portalalerta.com.br\/index.php\/wp-json\/wp\/v2\/categories?post=20135"},{"taxonomy":"post_tag","embeddable":true,"href":"https:\/\/www.portalalerta.com.br\/index.php\/wp-json\/wp\/v2\/tags?post=20135"}],"curies":[{"name":"wp","href":"https:\/\/api.w.org\/{rel}","templated":true}]}}