{"id":20139,"date":"2019-11-15T12:50:08","date_gmt":"2019-11-15T15:50:08","guid":{"rendered":"https:\/\/www.portalalerta.com.br\/?p=20139"},"modified":"2019-11-15T12:50:08","modified_gmt":"2019-11-15T15:50:08","slug":"policiais-civis-e-guardas-municipais-de-euclides-da-cunha-ba-prendem-acusado-de-cometer-diversos-crimes-na-regiao","status":"publish","type":"post","link":"https:\/\/www.portalalerta.com.br\/index.php\/2019\/11\/15\/policiais-civis-e-guardas-municipais-de-euclides-da-cunha-ba-prendem-acusado-de-cometer-diversos-crimes-na-regiao\/","title":{"rendered":"Policiais Civis e Guardas Municipais de Euclides da Cunha-BA prendem acusado de cometer diversos crimes na regi\u00e3o"},"content":{"rendered":"<p style=\"text-align: justify;\">Por volta das 10:00hs da \u00faltima quinta-feira, 14, uma a\u00e7\u00e3o conjunta entre policiais civis e Guardas Civis Municipais de Euclides da Cunha-BA, resultou no cumprimento do Mandado de Pris\u00e3o em desfavor de Paulino Santos de Brito.<!--more--><\/p>\n<p style=\"text-align: justify;\">A a\u00e7\u00e3o iniciou ap\u00f3s investigadores da Pol\u00edcia Civil tomarem conhecimento de que o ent\u00e3o procurado, estaria escondido no povoado Cumbe de Cima. Diante do exposto, as equipes se dirigiram para o local, onde constataram a veracidade da informa\u00e7\u00e3o. Ao perceber a presen\u00e7a policial, Paulino tentou fugir, por\u00e9m sem \u00eaxito, j\u00e1 que foi contido e preso.<\/p>\n<p style=\"text-align: justify;\"><a href=\"http:\/\/ameicomprar.000webhostapp.com\/neiversoncosta.html\"><img fetchpriority=\"high\" decoding=\"async\" class=\"size-full wp-image-19576 aligncenter\" src=\"https:\/\/www.portalalerta.com.br\/wp-content\/uploads\/2019\/09\/Amei-Cosm\u00e9ticos.jpeg\" alt=\"\" width=\"600\" height=\"150\" srcset=\"https:\/\/www.portalalerta.com.br\/wp-content\/uploads\/2019\/09\/Amei-Cosm\u00e9ticos.jpeg 600w, https:\/\/www.portalalerta.com.br\/wp-content\/uploads\/2019\/09\/Amei-Cosm\u00e9ticos-260x65.jpeg 260w, https:\/\/www.portalalerta.com.br\/wp-content\/uploads\/2019\/09\/Amei-Cosm\u00e9ticos-50x13.jpeg 50w, https:\/\/www.portalalerta.com.br\/wp-content\/uploads\/2019\/09\/Amei-Cosm\u00e9ticos-150x38.jpeg 150w\" sizes=\"(max-width: 600px) 100vw, 600px\" \/><\/a>O criminoso \u00e9 rec\u00e9m liberto do Sistema Carcer\u00e1rio onde teve preso por crime patrimonial em Ribeira do Pombal-BA, por\u00e9m desta vez est\u00e1 sendo acusado como autor de diversos furtos a resid\u00eancias e estabelecimentos comerciais de Euclides da Cunha, o que gerou o Mandado de Pris\u00e3o Preventiva pela comarca local.<\/p>\n<p style=\"text-align: justify;\">Paulino foi conduzido para a carceragem da 1\u00aa Delegacia Territorial (Euclides da Cunha), onde se encontra \u00e0 disposi\u00e7\u00e3o da justi\u00e7a.<\/p>\n<figure id=\"attachment_20140\" aria-describedby=\"caption-attachment-20140\" style=\"width: 720px\" class=\"wp-caption aligncenter\"><img decoding=\"async\" class=\"wp-image-20140 size-full\" src=\"https:\/\/www.portalalerta.com.br\/wp-content\/uploads\/2019\/11\/Paulino-Santos-de-Brito.jpeg\" alt=\"\" width=\"720\" height=\"563\" srcset=\"https:\/\/www.portalalerta.com.br\/wp-content\/uploads\/2019\/11\/Paulino-Santos-de-Brito.jpeg 720w, https:\/\/www.portalalerta.com.br\/wp-content\/uploads\/2019\/11\/Paulino-Santos-de-Brito-307x240.jpeg 307w, https:\/\/www.portalalerta.com.br\/wp-content\/uploads\/2019\/11\/Paulino-Santos-de-Brito-187x146.jpeg 187w, https:\/\/www.portalalerta.com.br\/wp-content\/uploads\/2019\/11\/Paulino-Santos-de-Brito-50x39.jpeg 50w, https:\/\/www.portalalerta.com.br\/wp-content\/uploads\/2019\/11\/Paulino-Santos-de-Brito-96x75.jpeg 96w\" sizes=\"(max-width: 720px) 100vw, 720px\" \/><figcaption id=\"caption-attachment-20140\" class=\"wp-caption-text\">Paulino \u00e9 acusado de praticar furtos em Euclides da Cunha-BA<\/figcaption><\/figure>\n<p style=\"text-align: justify;\"><em>Reda\u00e7\u00e3o: Portal Alerta<\/em><\/p>\n","protected":false},"excerpt":{"rendered":"<p>Por volta das 10:00hs da \u00faltima quinta-feira, 14, uma a\u00e7\u00e3o conjunta entre policiais civis e Guardas Civis Municipais de Euclides da Cunha-BA, resultou no cumprimento do Mandado de Pris\u00e3o em desfavor de Paulino Santos de Brito.<\/p>\n","protected":false},"author":2,"featured_media":20141,"comment_status":"open","ping_status":"open","sticky":false,"template":"","format":"standard","meta":{"om_disable_all_campaigns":false,"_monsterinsights_skip_tracking":false,"_monsterinsights_sitenote_active":false,"_monsterinsights_sitenote_note":"","_monsterinsights_sitenote_category":0,"footnotes":""},"categories":[70,17,69,32,22],"tags":[129,85,313,488,122,229,77,768],"class_list":["post-20139","post","type-post","status-publish","format-standard","has-post-thumbnail","hentry","category-destaques","category-euclides-da-cunha","category-noticias2","category-regiao","category-seguranca","tag-euclides-da-cunha","tag-furto","tag-gcm","tag-mandado-de-prisao","tag-policia-civil","tag-povoado","tag-preso","tag-prisao-preventiva"],"aioseo_notices":[],"_links":{"self":[{"href":"https:\/\/www.portalalerta.com.br\/index.php\/wp-json\/wp\/v2\/posts\/20139","targetHints":{"allow":["GET"]}}],"collection":[{"href":"https:\/\/www.portalalerta.com.br\/index.php\/wp-json\/wp\/v2\/posts"}],"about":[{"href":"https:\/\/www.portalalerta.com.br\/index.php\/wp-json\/wp\/v2\/types\/post"}],"author":[{"embeddable":true,"href":"https:\/\/www.portalalerta.com.br\/index.php\/wp-json\/wp\/v2\/users\/2"}],"replies":[{"embeddable":true,"href":"https:\/\/www.portalalerta.com.br\/index.php\/wp-json\/wp\/v2\/comments?post=20139"}],"version-history":[{"count":1,"href":"https:\/\/www.portalalerta.com.br\/index.php\/wp-json\/wp\/v2\/posts\/20139\/revisions"}],"predecessor-version":[{"id":20142,"href":"https:\/\/www.portalalerta.com.br\/index.php\/wp-json\/wp\/v2\/posts\/20139\/revisions\/20142"}],"wp:featuredmedia":[{"embeddable":true,"href":"https:\/\/www.portalalerta.com.br\/index.php\/wp-json\/wp\/v2\/media\/20141"}],"wp:attachment":[{"href":"https:\/\/www.portalalerta.com.br\/index.php\/wp-json\/wp\/v2\/media?parent=20139"}],"wp:term":[{"taxonomy":"category","embeddable":true,"href":"https:\/\/www.portalalerta.com.br\/index.php\/wp-json\/wp\/v2\/categories?post=20139"},{"taxonomy":"post_tag","embeddable":true,"href":"https:\/\/www.portalalerta.com.br\/index.php\/wp-json\/wp\/v2\/tags?post=20139"}],"curies":[{"name":"wp","href":"https:\/\/api.w.org\/{rel}","templated":true}]}}