{"id":20153,"date":"2019-11-15T22:45:27","date_gmt":"2019-11-16T01:45:27","guid":{"rendered":"https:\/\/www.portalalerta.com.br\/?p=20153"},"modified":"2019-11-15T22:45:27","modified_gmt":"2019-11-16T01:45:27","slug":"principais-laboratorios-de-ribeira-do-pombal-ba-se-unem-em-prol-de-uma-nobre-causa-confira","status":"publish","type":"post","link":"https:\/\/www.portalalerta.com.br\/index.php\/2019\/11\/15\/principais-laboratorios-de-ribeira-do-pombal-ba-se-unem-em-prol-de-uma-nobre-causa-confira\/","title":{"rendered":"Principais Laborat\u00f3rios de Ribeira do Pombal-BA, se unem em prol de uma nobre causa. Confira!"},"content":{"rendered":"<p style=\"text-align: justify;\">Pelo segundo ano consecutivo, os Laborat\u00f3rios Elab, Bio Sa\u00fade, e Vida, considerados os tr\u00eas principais Laborat\u00f3rios de An\u00e1lises Cl\u00ednicas de Ribeira do Pombal-BA, se uniram em prol de uma nobre causa.<!--more--><\/p>\n<p style=\"text-align: justify;\">O Principal objetivo \u00e9 conscientizar a Popula\u00e7\u00e3o a respeito da import\u00e2ncia da realiza\u00e7\u00e3o do exame PSA (Ant\u00edgenos Espec\u00edficos da Pr\u00f3stata), sendo ofertado o exame de forma gratuita nos tr\u00eas Laborat\u00f3rios em quest\u00e3o, sendo que em contrapartida o paciente dever\u00e1 levar 3Kg de alimentos.<\/p>\n<p style=\"text-align: justify;\">A ideia \u00e9 fazer o bem tanto aos pacientes com a realiza\u00e7\u00e3o dos exames, quanto aos mais necessitados, levando alimentos para quem tem fome. Ao final da Campanha, estes alimentos ser\u00e3o distribu\u00eddos nas seguintes institui\u00e7\u00f5es: Projeto Crescer Aprendendo, Projeto \u00c9 Bom Viver, Comunidade Nova Alian\u00e7a, e Centro Esp\u00edrita.<\/p>\n<p style=\"text-align: justify;\">A campanha iniciar\u00e1 neste s\u00e1bado, 16 e terminar\u00e1 no dia 30 do corrente m\u00eas.<\/p>\n<p style=\"text-align: justify;\"><strong>Para que serve o exame de PSA<\/strong><\/p>\n<p style=\"text-align: justify;\"><img fetchpriority=\"high\" decoding=\"async\" class=\"size-full wp-image-2902 alignleft\" src=\"https:\/\/www.portalalerta.com.br\/wp-content\/uploads\/2017\/11\/elab-2.jpg\" alt=\"\" width=\"310\" height=\"200\" srcset=\"https:\/\/www.portalalerta.com.br\/wp-content\/uploads\/2017\/11\/elab-2.jpg 310w, https:\/\/www.portalalerta.com.br\/wp-content\/uploads\/2017\/11\/elab-2-226x146.jpg 226w, https:\/\/www.portalalerta.com.br\/wp-content\/uploads\/2017\/11\/elab-2-50x32.jpg 50w, https:\/\/www.portalalerta.com.br\/wp-content\/uploads\/2017\/11\/elab-2-116x75.jpg 116w\" sizes=\"(max-width: 310px) 100vw, 310px\" \/>Para detectar precocemente casos de c\u00e2ncer de pr\u00f3stata e outras condi\u00e7\u00f5es, como a hiperplasia prost\u00e1tica benigna e a prostatite. O PSA \u00e9 solicitado no in\u00edcio das investiga\u00e7\u00f5es m\u00e9dicas. Outros exames complementam o diagn\u00f3stico, como o toque retal.<\/p>\n<p style=\"text-align: justify;\">Ali\u00e1s, o toque retal \u2013 ainda cercado de preconceitos bobos \u2013 n\u00e3o seria indicado para o rastreamento inicial do c\u00e2ncer de pr\u00f3stata, mas \u00e9 frequentemente pedido por ser r\u00e1pido e barato. Converse com um profissional para avaliar o seu caso especificamente.<\/p>\n<p style=\"text-align: justify;\"><strong>Como o teste \u00e9 feito<\/strong><\/p>\n<p style=\"text-align: justify;\">Uma amostra de sangue \u00e9 colhida e enviada ao laborat\u00f3rio para an\u00e1lise. No geral, os m\u00e9dicos pedem a medi\u00e7\u00e3o do PSA total, mas podem tamb\u00e9m requisitar a quantidade de PSA livre \u2013 ou seja, a quantidade que n\u00e3o est\u00e1 ligada \u00e0 nenhuma prote\u00edna, se houver altera\u00e7\u00f5es nos resultados.<\/p>\n<p style=\"text-align: justify;\">Recentemente, chegou ao Brasil o Prostate Health Index (PHI), ou \u00cdndice de Sa\u00fade da Pr\u00f3stata. Ele usa uma terceira fra\u00e7\u00e3o do PSA para fazer um diagn\u00f3stico mais certeiro e reduzir a necessidade de bi\u00f3psias.<\/p>\n<p style=\"text-align: justify;\"><strong>Novembro Azul<\/strong><\/p>\n<p style=\"text-align: justify;\">Novembro Azul \u00e9 um movimento mundial que acontece durante o m\u00eas de novembro para refor\u00e7ar a import\u00e2ncia da preven\u00e7\u00e3o e do diagn\u00f3stico precoce do c\u00e2ncer de pr\u00f3stata. A doen\u00e7a \u00e9 o segundo tipo de c\u00e2ncer mais comum entre os homens brasileiros e as maiores v\u00edtimas s\u00e3o homens a partir dos 50 anos, al\u00e9m de pessoas com presen\u00e7a da doen\u00e7a em parentes de primeiro grau, como pai, irm\u00e3o ou filho.<\/p>\n<p style=\"text-align: justify;\"><strong>O que \u00e9 a pr\u00f3stata<\/strong><\/p>\n<p style=\"text-align: justify;\">A pr\u00f3stata \u00e9 uma gl\u00e2ndula masculina que tem forma de uma noz e fica logo abaixo da bexiga e \u00e0 frente do reto. O \u00f3rg\u00e3o envolve a por\u00e7\u00e3o inicial da uretra, tubo pelo qual a urina \u00e9 eliminada da bexiga.<\/p>\n<p style=\"text-align: justify;\"><strong>O que \u00e9 c\u00e2ncer de pr\u00f3stata?<\/strong><\/p>\n<p style=\"text-align: justify;\">Durante o funcionamento da pr\u00f3stata, algumas c\u00e9lulas podem se desenvolver e multiplicar de forma anormal, provocando o surgimento de um tumor. O c\u00e2ncer de pr\u00f3stata \u00e9 o segundo mais incidente entre os homens no Brasil, apenas atr\u00e1s do c\u00e2ncer de pele n\u00e3o melanoma. Estima-se 68.220 mil novos casos da doen\u00e7a no pa\u00eds, em 2018. O risco estimado \u00e9 de cerca de 66,12 novos casos para cada 100 mil homens.<\/p>\n<p style=\"text-align: justify;\"><strong>Sintomas<\/strong><\/p>\n<p style=\"text-align: justify;\">A doen\u00e7a pode n\u00e3o apresentar (ou apresentar poucos) sintomas em sua fase inicial. Em alguns casos, os sinais s\u00e3o parecidos com os do crescimento benigno da pr\u00f3stata (dificuldade de urinar, necessidade de urinar mais vezes durante o dia ou \u00e0 noite). Na fase mais avan\u00e7ada, o paciente pode ter dores nos ossos, sintomas urin\u00e1rios ou, nos casos mais graves, infec\u00e7\u00e3o generalizada ou insufici\u00eancia renal.<\/p>\n<p style=\"text-align: justify;\"><em>Reda\u00e7\u00e3o: Portal Alerta<\/em><\/p>\n<p style=\"text-align: justify;\"><em>Com informa\u00e7\u00f5es: https:\/\/saude.abril.com.br\/medicina\/o-que-e-o-exame-de-psa-para-cancer-de-prostata\/; https:\/\/www.cancer.org.br\/novembro-azul-a-importancia-de-se-cuidar\/<\/em><\/p>\n","protected":false},"excerpt":{"rendered":"<p>Pelo segundo ano consecutivo, os Laborat\u00f3rios Elab, Bio Sa\u00fade, e Vida, considerados os tr\u00eas principais Laborat\u00f3rios de An\u00e1lises Cl\u00ednicas de Ribeira do Pombal-BA, se uniram em prol de uma nobre causa.<\/p>\n","protected":false},"author":2,"featured_media":20154,"comment_status":"open","ping_status":"open","sticky":false,"template":"","format":"standard","meta":{"om_disable_all_campaigns":false,"_monsterinsights_skip_tracking":false,"_monsterinsights_sitenote_active":false,"_monsterinsights_sitenote_note":"","_monsterinsights_sitenote_category":0,"footnotes":""},"categories":[70,69,32,3,19],"tags":[3225,437,1826,3227,1824,1463,1823,1825,3226,47,3224],"class_list":["post-20153","post","type-post","status-publish","format-standard","has-post-thumbnail","hentry","category-destaques","category-noticias2","category-regiao","category-ribeira-do-pombal","category-saude","tag-bio-saude","tag-campanha","tag-cancer-de-prostata","tag-doacao-de-alimentos","tag-elab","tag-exame","tag-laboratorio","tag-novembro-azul","tag-psa","tag-ribeira-do-pombal","tag-vida"],"aioseo_notices":[],"_links":{"self":[{"href":"https:\/\/www.portalalerta.com.br\/index.php\/wp-json\/wp\/v2\/posts\/20153","targetHints":{"allow":["GET"]}}],"collection":[{"href":"https:\/\/www.portalalerta.com.br\/index.php\/wp-json\/wp\/v2\/posts"}],"about":[{"href":"https:\/\/www.portalalerta.com.br\/index.php\/wp-json\/wp\/v2\/types\/post"}],"author":[{"embeddable":true,"href":"https:\/\/www.portalalerta.com.br\/index.php\/wp-json\/wp\/v2\/users\/2"}],"replies":[{"embeddable":true,"href":"https:\/\/www.portalalerta.com.br\/index.php\/wp-json\/wp\/v2\/comments?post=20153"}],"version-history":[{"count":1,"href":"https:\/\/www.portalalerta.com.br\/index.php\/wp-json\/wp\/v2\/posts\/20153\/revisions"}],"predecessor-version":[{"id":20155,"href":"https:\/\/www.portalalerta.com.br\/index.php\/wp-json\/wp\/v2\/posts\/20153\/revisions\/20155"}],"wp:featuredmedia":[{"embeddable":true,"href":"https:\/\/www.portalalerta.com.br\/index.php\/wp-json\/wp\/v2\/media\/20154"}],"wp:attachment":[{"href":"https:\/\/www.portalalerta.com.br\/index.php\/wp-json\/wp\/v2\/media?parent=20153"}],"wp:term":[{"taxonomy":"category","embeddable":true,"href":"https:\/\/www.portalalerta.com.br\/index.php\/wp-json\/wp\/v2\/categories?post=20153"},{"taxonomy":"post_tag","embeddable":true,"href":"https:\/\/www.portalalerta.com.br\/index.php\/wp-json\/wp\/v2\/tags?post=20153"}],"curies":[{"name":"wp","href":"https:\/\/api.w.org\/{rel}","templated":true}]}}