{"id":20163,"date":"2019-11-18T15:47:52","date_gmt":"2019-11-18T18:47:52","guid":{"rendered":"https:\/\/www.portalalerta.com.br\/?p=20163"},"modified":"2019-11-18T15:47:52","modified_gmt":"2019-11-18T18:47:52","slug":"saiba-quem-sao-as-tres-vitimas-da-queda-do-aviao-na-bahia","status":"publish","type":"post","link":"https:\/\/www.portalalerta.com.br\/index.php\/2019\/11\/18\/saiba-quem-sao-as-tres-vitimas-da-queda-do-aviao-na-bahia\/","title":{"rendered":"Saiba quem s\u00e3o as tr\u00eas v\u00edtimas da queda do avi\u00e3o na Bahia"},"content":{"rendered":"<p style=\"text-align: justify;\">J\u00e1 s\u00e3o tr\u00eas o n\u00famero de v\u00edtimas fatais da queda de um avi\u00e3o bimotor, na \u00faltima quinta-feira (14), no munic\u00edpio de Mara\u00fa, interior da Bahia. A aeronave, que havia sa\u00eddo de S\u00e3o Paulo, levava 10 pessoas e tentou pousar na pista de um resort de luxo no distrito de Barra Grande.<!--more--><\/p>\n<p style=\"text-align: justify;\">De acordo com informa\u00e7\u00f5es da Anac (Ag\u00eancia Nacional de Avia\u00e7\u00e3o Civil), o avi\u00e3o \u00e9 um bimotor Cessna AirCraft, de prefixo PT-LTJ, modelo 550, fabricado em 1981.<\/p>\n<p style=\"text-align: justify;\">A aeronave est\u00e1 registrada em nome do banqueiro Jos\u00e9 Jo\u00e3o Abdalla Filho. Conhecido como Juca Abdalla, ele est\u00e1 entre os dez homens mais ricos do Brasil, com uma fortuna estimada em US$ 3,4 bilh\u00f5es (cerca de R$ 14,2 bilh\u00f5es), de acordo com a Forbes.<\/p>\n<p style=\"text-align: justify;\">A Pol\u00edcia Civil afirmou, em nota, que o acidente \u00e9 investigado pela DT (Delegacia Territorial) de Mara\u00fa e pelo Cenipa (Centro de Investiga\u00e7\u00e3o e Preven\u00e7\u00e3o de Acidentes Aeron\u00e1uticos), da Aeron\u00e1utica. A Delegacia Territorial solicitou per\u00edcia no local do acidente e necropsia.<\/p>\n<p style=\"text-align: justify;\"><img fetchpriority=\"high\" decoding=\"async\" class=\"size-thumbnail wp-image-20136 aligncenter\" src=\"https:\/\/www.portalalerta.com.br\/wp-content\/uploads\/2019\/11\/Real-Estilo-e-Moda-e-Voc\u00ea-711x240.jpg\" alt=\"\" width=\"711\" height=\"240\" \/>Quem s\u00e3o as v\u00edtimas do acidente:<\/p>\n<ul style=\"text-align: justify;\">\n<li><strong>Tuka Rocha, 36 anos, piloto de Stock Car<\/strong><\/li>\n<\/ul>\n<figure id=\"attachment_20164\" aria-describedby=\"caption-attachment-20164\" style=\"width: 500px\" class=\"wp-caption aligncenter\"><img decoding=\"async\" class=\"wp-image-20164 size-full\" src=\"https:\/\/www.portalalerta.com.br\/wp-content\/uploads\/2019\/11\/Acidente-aereo-na-Bahia-2019.1.jpg\" alt=\"\" width=\"500\" height=\"350\" srcset=\"https:\/\/www.portalalerta.com.br\/wp-content\/uploads\/2019\/11\/Acidente-aereo-na-Bahia-2019.1.jpg 500w, https:\/\/www.portalalerta.com.br\/wp-content\/uploads\/2019\/11\/Acidente-aereo-na-Bahia-2019.1-343x240.jpg 343w, https:\/\/www.portalalerta.com.br\/wp-content\/uploads\/2019\/11\/Acidente-aereo-na-Bahia-2019.1-209x146.jpg 209w, https:\/\/www.portalalerta.com.br\/wp-content\/uploads\/2019\/11\/Acidente-aereo-na-Bahia-2019.1-50x35.jpg 50w, https:\/\/www.portalalerta.com.br\/wp-content\/uploads\/2019\/11\/Acidente-aereo-na-Bahia-2019.1-107x75.jpg 107w\" sizes=\"(max-width: 500px) 100vw, 500px\" \/><figcaption id=\"caption-attachment-20164\" class=\"wp-caption-text\">Em 2011, o piloto havia escapado de um inc\u00eandio em uma prova da Stock Car, no Rio de Janeiro. (Foto: Reprodu\u00e7\u00e3o\/Grande Premio)<\/figcaption><\/figure>\n<p style=\"text-align: justify;\">Christiano Chiaradia Alcoba Rocha\u00a0morreu no domingo (17), segundo confirma\u00e7\u00e3o da Sesab (Secretaria de Sa\u00fade do Estado da Bahia), sendo a terceira v\u00edtima fatal do acidente. O piloto estava internado no Hospital Geral do Estado, na capital Salvador, para onde foi transferido por uma aeronave do Grupamento A\u00e9reo da Pol\u00edcia Militar (Graer) ap\u00f3s ter sofrido queimaduras em 80% do corpo. O piloto de Stock Car havia passado por uma cirurgia que acabou \u00e0s 2h de sexta-feira (15).<\/p>\n<p style=\"text-align: justify;\">Em 2011, o piloto havia escapado de um inc\u00eandio em uma prova da Stock Car, no Rio de Janeiro. Na ocasi\u00e3o, Tuka Rocha saltou do carro em chamas e teve apenas ferimentos leves. O paulistano come\u00e7ou a pilotar kart ainda durante a adolesc\u00eancia. Depois, passou por outras categorias nacionais e internacionais, como F\u00f3rmula Superliga e A1GP.<\/p>\n<p style=\"text-align: justify;\">Na Stock Car, ele competiu de 2011 a 2018. Tuka Rocha venceu uma prova da categoria em 2015, em Ribeir\u00e3o Preto, no interior de S\u00e3o Paulo. O piloto de corridas era respons\u00e1vel pela Tuka Racing School, uma escola de pilotagem para crian\u00e7as que tem o apoio do Instituto Ayrton Senna.<\/p>\n<ul style=\"text-align: justify;\">\n<li><strong>Maysa Marques Mussi, 32<\/strong><\/li>\n<\/ul>\n<p style=\"text-align: justify;\">Maysa\u00a0faleceu na noite de s\u00e1bado (16) e foi a segunda v\u00edtima. Ela \u00e9 irm\u00e3 da jornalista e rela\u00e7\u00f5es p\u00fablicas Marcela Brand\u00e3o Elias, 37, que tamb\u00e9m morreu. Maysa casou-se em setembro com Eduardo Mussi, irm\u00e3o do deputado federal licenciado Guilherme Mussi (PP-SP). O marido est\u00e1 internado no Hospital Geral do Estado (HGE).<\/p>\n<p style=\"text-align: justify;\">Entre os padrinhos do casamento de Maysa e Eduardo est\u00e3o a atriz Marina Ruy Barbosa e o marido, o empres\u00e1rio e piloto da Stock Car, Alexandre Negr\u00e3o. A festa contou a presen\u00e7a de famosos como Carol Celico e o casais Elaine Mickely e C\u00e9sar Filho e Roberto Justus e Ana Paula Siebert.<\/p>\n<ul style=\"text-align: justify;\">\n<li><strong>Marcela Brand\u00e3o Elias, 37, jornalista<\/strong><\/li>\n<\/ul>\n<figure id=\"attachment_20165\" aria-describedby=\"caption-attachment-20165\" style=\"width: 500px\" class=\"wp-caption aligncenter\"><img decoding=\"async\" class=\"wp-image-20165 size-full\" src=\"https:\/\/www.portalalerta.com.br\/wp-content\/uploads\/2019\/11\/Acidente-aereo-na-Bahia-2019.2.jpg\" alt=\"\" width=\"500\" height=\"300\" srcset=\"https:\/\/www.portalalerta.com.br\/wp-content\/uploads\/2019\/11\/Acidente-aereo-na-Bahia-2019.2.jpg 500w, https:\/\/www.portalalerta.com.br\/wp-content\/uploads\/2019\/11\/Acidente-aereo-na-Bahia-2019.2-400x240.jpg 400w, https:\/\/www.portalalerta.com.br\/wp-content\/uploads\/2019\/11\/Acidente-aereo-na-Bahia-2019.2-243x146.jpg 243w, https:\/\/www.portalalerta.com.br\/wp-content\/uploads\/2019\/11\/Acidente-aereo-na-Bahia-2019.2-50x30.jpg 50w, https:\/\/www.portalalerta.com.br\/wp-content\/uploads\/2019\/11\/Acidente-aereo-na-Bahia-2019.2-125x75.jpg 125w, https:\/\/www.portalalerta.com.br\/wp-content\/uploads\/2019\/11\/Acidente-aereo-na-Bahia-2019.2-250x150.jpg 250w\" sizes=\"(max-width: 500px) 100vw, 500px\" \/><figcaption id=\"caption-attachment-20165\" class=\"wp-caption-text\">Marcela Elias (\u00e0 direita) com a irm\u00e3 Maysa Marques (\u00e0 esquerda). (Foto: Reprodu\u00e7\u00e3o\/ Instagram)<\/figcaption><\/figure>\n<p style=\"text-align: justify;\">Marcela foi a\u00a0primeira v\u00edtima da queda da aeronave. Formada em jornalismo, Marcela trabalhava em uma assessoria de imprensa especializada em moda, beleza e cultura, em S\u00e3o Paulo. A RP (Rela\u00e7\u00f5es P\u00fablica) viajava acompanhada do marido, o empres\u00e1rio\u00a0Eduardo Trajano Elias, 38 anos, e o filho Eduardo, de 6 anos, ambos hospitalizados. Marcela era nora do decorador Jorge Elias.<\/p>\n<ul style=\"text-align: justify;\">\n<li><strong>Os feridos:<\/strong><\/li>\n<\/ul>\n<p style=\"text-align: justify;\">Aires Napole\u00e3o, 66 anos, que pilotava o jato<\/p>\n<p style=\"text-align: justify;\">Fernando Oliveira Silva, 26 anos<\/p>\n<p style=\"text-align: justify;\">Marcelo Constantino, 28 anos, neto do Nen\u00ea Constantino, fundador da Gol<\/p>\n<p style=\"text-align: justify;\">Marrie Cavelan, 27 anos<\/p>\n<p style=\"text-align: justify;\">Eduardo Mussi, irm\u00e3o do deputado licenciado Guilherme Mussi<\/p>\n<p style=\"text-align: justify;\">Eduardo Trajano Telles Elias, 38 anos, que era casado com Marcela Brand\u00e3o Elias<\/p>\n<p style=\"text-align: justify;\">Eduardo, 6 anos, filho de Eduardo e Marcela<\/p>\n<p style=\"text-align: justify;\">Os sete permanecem internados no Hospital Geral do Estado, de acordo com a Sesab, que n\u00e3o informou o estado de sa\u00fade das v\u00edtimas. A reportagem apurou, no entanto, que Marcelo Constantino, neto do empres\u00e1rio fundador da empresa a\u00e9rea Gol, sofreu queimaduras em 40% do corpo.<\/p>\n<p style=\"text-align: justify;\">Os passageiros, de acordo com informa\u00e7\u00f5es da prefeitura do munic\u00edpio baiano, foram socorridos por funcion\u00e1rios do resort, que atualmente passa por uma reforma e n\u00e3o est\u00e1 em funcionamento.<\/p>\n<figure id=\"attachment_20166\" aria-describedby=\"caption-attachment-20166\" style=\"width: 500px\" class=\"wp-caption aligncenter\"><img loading=\"lazy\" decoding=\"async\" class=\"wp-image-20166 size-full\" src=\"https:\/\/www.portalalerta.com.br\/wp-content\/uploads\/2019\/11\/Acidente-aereo-na-Bahia-2019.3.jpg\" alt=\"\" width=\"500\" height=\"350\" srcset=\"https:\/\/www.portalalerta.com.br\/wp-content\/uploads\/2019\/11\/Acidente-aereo-na-Bahia-2019.3.jpg 500w, https:\/\/www.portalalerta.com.br\/wp-content\/uploads\/2019\/11\/Acidente-aereo-na-Bahia-2019.3-343x240.jpg 343w, https:\/\/www.portalalerta.com.br\/wp-content\/uploads\/2019\/11\/Acidente-aereo-na-Bahia-2019.3-209x146.jpg 209w, https:\/\/www.portalalerta.com.br\/wp-content\/uploads\/2019\/11\/Acidente-aereo-na-Bahia-2019.3-50x35.jpg 50w, https:\/\/www.portalalerta.com.br\/wp-content\/uploads\/2019\/11\/Acidente-aereo-na-Bahia-2019.3-107x75.jpg 107w\" sizes=\"(max-width: 500px) 100vw, 500px\" \/><figcaption id=\"caption-attachment-20166\" class=\"wp-caption-text\">Aeronave caiu em Mara\u00fa, na Bahia, na quarta-feira (Foto: Dudu Face\/Camamu Noticias)<\/figcaption><\/figure>\n<p style=\"text-align: justify;\"><strong>Como funcionam as investiga\u00e7\u00f5es de acidentes a\u00e9reos no Brasil<\/strong><\/p>\n<p style=\"text-align: justify;\"><strong>\u200bQuem pode ajudar com informa\u00e7\u00f5es?<\/strong><\/p>\n<p style=\"text-align: justify;\">&#8211; Anac (Ag\u00eancia Nacional de Avia\u00e7\u00e3o Civil), com licen\u00e7as e certificados<\/p>\n<p style=\"text-align: justify;\">&#8211; Fabricante da aeronave, com dados sobre o avi\u00e3o<\/p>\n<p style=\"text-align: justify;\">&#8211; Sindicatos e outras entidades de classe, com informa\u00e7\u00f5es sobre as empresas a\u00e9reas<\/p>\n<p style=\"text-align: justify;\"><strong>Qual \u00e9 o protocolo seguido?<\/strong><\/p>\n<p style=\"text-align: justify;\">NSCA 3-13 (Norma do Sistema do Comando da Aeron\u00e1utica), que consiste em:<\/p>\n<p style=\"text-align: justify;\">1) Cenipa forma uma comiss\u00e3o de investiga\u00e7\u00e3o<\/p>\n<p style=\"text-align: justify;\">2) Preserva o local e ind\u00edcios<\/p>\n<p style=\"text-align: justify;\">3) Verifica os danos causados \u00e0\/pela aeronave<\/p>\n<p style=\"text-align: justify;\">4) Coleta e confirma dados<\/p>\n<p style=\"text-align: justify;\">5) Faz um exame detalhado imediatamente ap\u00f3s as a\u00e7\u00f5es de resgate<\/p>\n<p style=\"text-align: justify;\">6) Gravadores de voo s\u00e3o enviados o mais r\u00e1pido poss\u00edvel ao Cenipa<\/p>\n<p style=\"text-align: justify;\">7) Cenipa conclui o relat\u00f3rio final da investiga\u00e7\u00e3o<\/p>\n<p style=\"text-align: justify;\">8) Autoridade aeron\u00e1utica o aprova<\/p>\n<p style=\"text-align: justify;\">9) Cenipa deve torn\u00e1-lo p\u00fablico em sua p\u00e1gina na internet<\/p>\n<p style=\"text-align: justify;\"><strong>Quem faz o qu\u00ea?<\/strong><\/p>\n<p style=\"text-align: justify;\"><strong><em>O investigador<\/em><\/strong><\/p>\n<p style=\"text-align: justify;\">&#8211; Tem controle e acesso irrestrito \u00e0 aeronave, aos destro\u00e7os e a outros materiais, como gravadores de voo<\/p>\n<p style=\"text-align: justify;\">&#8211; Deve estabelecer a coordena\u00e7\u00e3o com outros \u00f3rg\u00e3os, como pol\u00edcia, Corpo de Bombeiros, Defesa Civil, Anac, Decea (Departamento de Controle do Espa\u00e7o A\u00e9reo), entre outros<\/p>\n<p style=\"text-align: justify;\"><strong><em>A autoridade policial<\/em><\/strong><\/p>\n<p style=\"text-align: justify;\">&#8211; Deve isolar o local at\u00e9 a libera\u00e7\u00e3o pelas autoridades aeron\u00e1uticas e pelos agentes da per\u00edcia criminal<\/p>\n<p style=\"text-align: justify;\"><strong><em>O operador ou propriet\u00e1rio da aeronave<\/em><\/strong><\/p>\n<p style=\"text-align: justify;\">&#8211; Deve prestar todas as informa\u00e7\u00f5es e documenta\u00e7\u00f5es solicitadas; se necess\u00e1rio, pode auxiliar na an\u00e1lise de dados<\/p>\n<p style=\"text-align: justify;\"><strong><em>O Cenipa<\/em><\/strong><\/p>\n<p style=\"text-align: justify;\">&#8211; Deve fornecer informa\u00e7\u00f5es relevantes \u00e0s fam\u00edlias e sobreviventes<\/p>\n<p style=\"text-align: justify;\"><strong>O que acontece quando uma aeronave est\u00e1 desaparecida?<\/strong><\/p>\n<p style=\"text-align: justify;\">Assim que as buscas acabam, \u00e9 iniciada uma investiga\u00e7\u00e3o com os dados conhecidos. Se o avi\u00e3o n\u00e3o for encontrado 12 meses ap\u00f3s a ocorr\u00eancia, a investiga\u00e7\u00e3o \u00e9 conclu\u00edda com os dados existentes<\/p>\n<p style=\"text-align: justify;\"><strong>O que \u00e9 a caixa preta?<\/strong><\/p>\n<p style=\"text-align: justify;\">\u00c9 o conjunto de gravadores de \u00e1udio e de dados embarcados na aeronave e que em caso de acidente podem fornecer informa\u00e7\u00f5es sobre o voo<\/p>\n<p style=\"text-align: justify;\"><strong>O que \u00e9 o gravador de voz?<\/strong><\/p>\n<p style=\"text-align: justify;\">\u00c9 um dispositivo que capta e registra todos os \u00e1udios da cabine de uma aeronave. Com ele, pode-se saber, por exemplo, o que o piloto e o copiloto conversaram, o que o piloto disse \u00e0 tripula\u00e7\u00e3o ou aos passageiros e at\u00e9 eventuais ru\u00eddos da aeronave que podem ser importantes na investiga\u00e7\u00e3o de um acidente, como falhas mec\u00e2nicas<\/p>\n<p style=\"text-align: justify;\"><strong>O que o gravador de dados de voo registra?<\/strong><\/p>\n<p style=\"text-align: justify;\">A depender do modelo do avi\u00e3o, ele pode registrar dados t\u00e9cnicos como altitude, velocidade, press\u00e3o, acelera\u00e7\u00e3o, posi\u00e7\u00e3o do avi\u00e3o, entre outros<\/p>\n<p style=\"text-align: justify;\"><em>Fonte: Yahoo Not\u00edcias<\/em><\/p>\n","protected":false},"excerpt":{"rendered":"<p>J\u00e1 s\u00e3o tr\u00eas o n\u00famero de v\u00edtimas fatais da queda de um avi\u00e3o bimotor, na \u00faltima quinta-feira (14), no munic\u00edpio de Mara\u00fa, interior da Bahia. A aeronave, que havia sa\u00eddo de S\u00e3o Paulo, levava 10 pessoas e tentou pousar na pista de um resort de luxo no distrito de Barra Grande.<\/p>\n","protected":false},"author":2,"featured_media":20167,"comment_status":"open","ping_status":"open","sticky":false,"template":"","format":"standard","meta":{"om_disable_all_campaigns":false,"_monsterinsights_skip_tracking":false,"_monsterinsights_sitenote_active":false,"_monsterinsights_sitenote_note":"","_monsterinsights_sitenote_category":0,"footnotes":""},"categories":[33,34,70,69],"tags":[477,54,3229,93,393,608],"class_list":["post-20163","post","type-post","status-publish","format-standard","has-post-thumbnail","hentry","category-bahia","category-brasil","category-destaques","category-noticias2","tag-acidente-aereo","tag-bahia","tag-barra-grande","tag-brasil","tag-feridos","tag-mortos"],"aioseo_notices":[],"_links":{"self":[{"href":"https:\/\/www.portalalerta.com.br\/index.php\/wp-json\/wp\/v2\/posts\/20163","targetHints":{"allow":["GET"]}}],"collection":[{"href":"https:\/\/www.portalalerta.com.br\/index.php\/wp-json\/wp\/v2\/posts"}],"about":[{"href":"https:\/\/www.portalalerta.com.br\/index.php\/wp-json\/wp\/v2\/types\/post"}],"author":[{"embeddable":true,"href":"https:\/\/www.portalalerta.com.br\/index.php\/wp-json\/wp\/v2\/users\/2"}],"replies":[{"embeddable":true,"href":"https:\/\/www.portalalerta.com.br\/index.php\/wp-json\/wp\/v2\/comments?post=20163"}],"version-history":[{"count":1,"href":"https:\/\/www.portalalerta.com.br\/index.php\/wp-json\/wp\/v2\/posts\/20163\/revisions"}],"predecessor-version":[{"id":20168,"href":"https:\/\/www.portalalerta.com.br\/index.php\/wp-json\/wp\/v2\/posts\/20163\/revisions\/20168"}],"wp:featuredmedia":[{"embeddable":true,"href":"https:\/\/www.portalalerta.com.br\/index.php\/wp-json\/wp\/v2\/media\/20167"}],"wp:attachment":[{"href":"https:\/\/www.portalalerta.com.br\/index.php\/wp-json\/wp\/v2\/media?parent=20163"}],"wp:term":[{"taxonomy":"category","embeddable":true,"href":"https:\/\/www.portalalerta.com.br\/index.php\/wp-json\/wp\/v2\/categories?post=20163"},{"taxonomy":"post_tag","embeddable":true,"href":"https:\/\/www.portalalerta.com.br\/index.php\/wp-json\/wp\/v2\/tags?post=20163"}],"curies":[{"name":"wp","href":"https:\/\/api.w.org\/{rel}","templated":true}]}}