{"id":20169,"date":"2019-11-18T15:58:12","date_gmt":"2019-11-18T18:58:12","guid":{"rendered":"https:\/\/www.portalalerta.com.br\/?p=20169"},"modified":"2019-11-18T15:58:12","modified_gmt":"2019-11-18T18:58:12","slug":"acusados-de-estupro-coletivo-sao-presos-em-ribeira-do-pombal-ba","status":"publish","type":"post","link":"https:\/\/www.portalalerta.com.br\/index.php\/2019\/11\/18\/acusados-de-estupro-coletivo-sao-presos-em-ribeira-do-pombal-ba\/","title":{"rendered":"Acusados de Estupro Coletivo s\u00e3o presos em Ribeira do Pombal-BA"},"content":{"rendered":"<p style=\"text-align: justify;\">Na tarde deste domingo, 17, policiais Rodovi\u00e1rios Federais cumpriram um Mandado de Pris\u00e3o, durante abordagens realizadas na BR 110, em Ribeira do Pombal-BA. Jos\u00e9 Ailton dos Santos (Biguelo), 31 anos, estava conduzindo uma motocicleta, e durante a verifica\u00e7\u00e3o, foi constatada exist\u00eancia de um Mandado de Pris\u00e3o em seu desfavor, lavrado no dia 11 do corrente ano.<!--more--><\/p>\n<p style=\"text-align: justify;\"><a href=\"https:\/\/www.portalalerta.com.br\/index.php\/2018\/01\/20\/dupla-de-ex-detentos-e-presa-por-porte-ilegal-de-arma-de-fogo-em-ribeira-do-pombal\/\"><strong>Biguelo<\/strong><\/a> \u00e9 um velho conhecido da Pol\u00edcia local por diversas pr\u00e1ticas criminosas, por\u00e9m o referido Mandado de Pris\u00e3o, aponta o criminoso como um dos autores de um estupro coletivo cometido na cidade no m\u00eas de outubro.<\/p>\n<figure id=\"attachment_20170\" aria-describedby=\"caption-attachment-20170\" style=\"width: 720px\" class=\"wp-caption aligncenter\"><img fetchpriority=\"high\" decoding=\"async\" class=\"wp-image-20170 size-full\" src=\"https:\/\/www.portalalerta.com.br\/wp-content\/uploads\/2019\/11\/Jos\u00e9-Ailton-dos-Santos-Biguelo.jpeg\" alt=\"\" width=\"720\" height=\"650\" srcset=\"https:\/\/www.portalalerta.com.br\/wp-content\/uploads\/2019\/11\/Jos\u00e9-Ailton-dos-Santos-Biguelo.jpeg 720w, https:\/\/www.portalalerta.com.br\/wp-content\/uploads\/2019\/11\/Jos\u00e9-Ailton-dos-Santos-Biguelo-266x240.jpeg 266w, https:\/\/www.portalalerta.com.br\/wp-content\/uploads\/2019\/11\/Jos\u00e9-Ailton-dos-Santos-Biguelo-162x146.jpeg 162w, https:\/\/www.portalalerta.com.br\/wp-content\/uploads\/2019\/11\/Jos\u00e9-Ailton-dos-Santos-Biguelo-50x45.jpeg 50w, https:\/\/www.portalalerta.com.br\/wp-content\/uploads\/2019\/11\/Jos\u00e9-Ailton-dos-Santos-Biguelo-83x75.jpeg 83w\" sizes=\"(max-width: 720px) 100vw, 720px\" \/><figcaption id=\"caption-attachment-20170\" class=\"wp-caption-text\">&#8220;Biguelo&#8221; \u00e9 um dos acusados de participa\u00e7\u00e3o em estupro coletivo<\/figcaption><\/figure>\n<p style=\"text-align: justify;\"><strong>Segundo participante<\/strong><\/p>\n<p style=\"text-align: justify;\">J\u00e1 na manh\u00e3 desta segunda-feira, 18, policiais militares da CIPE Nordeste, em a\u00e7\u00e3o conjunta com a Pol\u00edcia Civil de Ribeira do Pombal, se dirigiram at\u00e9 uma resid\u00eancia situada na Rua Ana Brito, onde prenderam o segundo acusado do crime em tela.<\/p>\n<p style=\"text-align: justify;\"><a href=\"http:\/\/ameicomprar.000webhostapp.com\/neiversoncosta.html\"><img decoding=\"async\" class=\"size-full wp-image-19576 aligncenter\" src=\"https:\/\/www.portalalerta.com.br\/wp-content\/uploads\/2019\/09\/Amei-Cosm\u00e9ticos.jpeg\" alt=\"\" width=\"600\" height=\"150\" srcset=\"https:\/\/www.portalalerta.com.br\/wp-content\/uploads\/2019\/09\/Amei-Cosm\u00e9ticos.jpeg 600w, https:\/\/www.portalalerta.com.br\/wp-content\/uploads\/2019\/09\/Amei-Cosm\u00e9ticos-260x65.jpeg 260w, https:\/\/www.portalalerta.com.br\/wp-content\/uploads\/2019\/09\/Amei-Cosm\u00e9ticos-50x13.jpeg 50w, https:\/\/www.portalalerta.com.br\/wp-content\/uploads\/2019\/09\/Amei-Cosm\u00e9ticos-150x38.jpeg 150w\" sizes=\"(max-width: 600px) 100vw, 600px\" \/><\/a>Trata-se de Thiago de Jesus (Tuli\u00e7o), que assim como \u201cBiguelo\u201d participou do estupro coletivo.<\/p>\n<p style=\"text-align: justify;\">Os acusados foram conduzidos para a Delegacia de Pol\u00edcia Civil da cidade, onde se encontram \u00e0 disposi\u00e7\u00e3o da justi\u00e7a. Tuli\u00e7o n\u00e3o teve a sua imagem divulgada.<\/p>\n<p style=\"text-align: justify;\"><em>Reda\u00e7\u00e3o: Portal Alerta <\/em><\/p>\n","protected":false},"excerpt":{"rendered":"<p>Na tarde deste domingo, 17, policiais Rodovi\u00e1rios Federais cumpriram um Mandado de Pris\u00e3o, durante abordagens realizadas na BR 110, em Ribeira do Pombal-BA. Jos\u00e9 Ailton dos Santos (Biguelo), 31 anos, estava conduzindo uma motocicleta, e durante a verifica\u00e7\u00e3o, foi constatada exist\u00eancia de um Mandado de Pris\u00e3o em seu desfavor, lavrado no dia 11 do corrente &hellip;<\/p>\n","protected":false},"author":2,"featured_media":20171,"comment_status":"open","ping_status":"open","sticky":false,"template":"","format":"standard","meta":{"om_disable_all_campaigns":false,"_monsterinsights_skip_tracking":false,"_monsterinsights_sitenote_active":false,"_monsterinsights_sitenote_note":"","_monsterinsights_sitenote_category":0,"footnotes":""},"categories":[70,69,32,3,22],"tags":[167,56,3230,122,79,110,149,47],"class_list":["post-20169","post","type-post","status-publish","format-standard","has-post-thumbnail","hentry","category-destaques","category-noticias2","category-regiao","category-ribeira-do-pombal","category-seguranca","tag-cipe-nordeste","tag-estupro","tag-estupro-coletivo","tag-policia-civil","tag-policia-militar","tag-presos","tag-prf","tag-ribeira-do-pombal"],"aioseo_notices":[],"_links":{"self":[{"href":"https:\/\/www.portalalerta.com.br\/index.php\/wp-json\/wp\/v2\/posts\/20169","targetHints":{"allow":["GET"]}}],"collection":[{"href":"https:\/\/www.portalalerta.com.br\/index.php\/wp-json\/wp\/v2\/posts"}],"about":[{"href":"https:\/\/www.portalalerta.com.br\/index.php\/wp-json\/wp\/v2\/types\/post"}],"author":[{"embeddable":true,"href":"https:\/\/www.portalalerta.com.br\/index.php\/wp-json\/wp\/v2\/users\/2"}],"replies":[{"embeddable":true,"href":"https:\/\/www.portalalerta.com.br\/index.php\/wp-json\/wp\/v2\/comments?post=20169"}],"version-history":[{"count":1,"href":"https:\/\/www.portalalerta.com.br\/index.php\/wp-json\/wp\/v2\/posts\/20169\/revisions"}],"predecessor-version":[{"id":20172,"href":"https:\/\/www.portalalerta.com.br\/index.php\/wp-json\/wp\/v2\/posts\/20169\/revisions\/20172"}],"wp:featuredmedia":[{"embeddable":true,"href":"https:\/\/www.portalalerta.com.br\/index.php\/wp-json\/wp\/v2\/media\/20171"}],"wp:attachment":[{"href":"https:\/\/www.portalalerta.com.br\/index.php\/wp-json\/wp\/v2\/media?parent=20169"}],"wp:term":[{"taxonomy":"category","embeddable":true,"href":"https:\/\/www.portalalerta.com.br\/index.php\/wp-json\/wp\/v2\/categories?post=20169"},{"taxonomy":"post_tag","embeddable":true,"href":"https:\/\/www.portalalerta.com.br\/index.php\/wp-json\/wp\/v2\/tags?post=20169"}],"curies":[{"name":"wp","href":"https:\/\/api.w.org\/{rel}","templated":true}]}}