{"id":20318,"date":"2019-12-01T17:04:33","date_gmt":"2019-12-01T20:04:33","guid":{"rendered":"https:\/\/www.portalalerta.com.br\/?p=20318"},"modified":"2019-12-01T17:04:33","modified_gmt":"2019-12-01T20:04:33","slug":"premiacao-da-etapa-municipal-da-olimpiada-da-lingua-portuguesa-em-ribeira-do-pombal-ba","status":"publish","type":"post","link":"https:\/\/www.portalalerta.com.br\/index.php\/2019\/12\/01\/premiacao-da-etapa-municipal-da-olimpiada-da-lingua-portuguesa-em-ribeira-do-pombal-ba\/","title":{"rendered":"Premia\u00e7\u00e3o da etapa municipal da Olimp\u00edada da L\u00edngua Portuguesa, em Ribeira do Pombal-BA"},"content":{"rendered":"<p style=\"text-align: justify;\">A Secretaria de Educa\u00e7\u00e3o promoveu na \u00faltima ter\u00e7a-feira, 26, uma homenagem aos pombalenses vencedores da Olimp\u00edada da L\u00edngua Portuguesa (OLP), 2019. No evento foi realizada a premia\u00e7\u00e3o dos melhores resultados na etapa municipal da Olimp\u00edada. Uma cerim\u00f4nia em reconhecimento do trabalho feito com dedica\u00e7\u00e3o e empenho, que elevou o nome de Ribeira do Pombal no cen\u00e1rio nacional da educa\u00e7\u00e3o.<!--more--><\/p>\n<p style=\"text-align: justify;\"><img fetchpriority=\"high\" decoding=\"async\" class=\"size-thumbnail wp-image-20136 aligncenter\" src=\"https:\/\/www.portalalerta.com.br\/wp-content\/uploads\/2019\/11\/Real-Estilo-e-Moda-e-Voc\u00ea-711x240.jpg\" alt=\"\" width=\"711\" height=\"240\" \/>Entre os homenageados, o aluno do Povoado Pedra, Pl\u00ednio Meireles, 13 anos, que escreveu o texto \u00a0\u201cA manteiga de Seu Z\u00e9 de Zab\u00e9\u201d, com o qual ficou entre os melhores do Brasil e se tornou a maior vit\u00f3ria de um pombalense na Olimp\u00edada desde que foi criada em 2008. \u201cFoi uma homenagem mais do que justa, que premia o esfor\u00e7o de alunos a professores\u201d, disse o prefeito ao falar para os pressentes, homenageados e convidados.<\/p>\n<p style=\"text-align: justify;\"><em>Fonte: SECOM\/ Ribeira do Pombal<\/em><\/p>\n","protected":false},"excerpt":{"rendered":"<p>A Secretaria de Educa\u00e7\u00e3o promoveu na \u00faltima ter\u00e7a-feira, 26, uma homenagem aos pombalenses vencedores da Olimp\u00edada da L\u00edngua Portuguesa (OLP), 2019. No evento foi realizada a premia\u00e7\u00e3o dos melhores resultados na etapa municipal da Olimp\u00edada. Uma cerim\u00f4nia em reconhecimento do trabalho feito com dedica\u00e7\u00e3o e empenho, que elevou o nome de Ribeira do Pombal no &hellip;<\/p>\n","protected":false},"author":2,"featured_media":20319,"comment_status":"open","ping_status":"open","sticky":false,"template":"","format":"standard","meta":{"om_disable_all_campaigns":false,"_monsterinsights_skip_tracking":false,"_monsterinsights_sitenote_active":false,"_monsterinsights_sitenote_note":"","_monsterinsights_sitenote_category":0,"footnotes":""},"categories":[70,20,69,32,3],"tags":[140,2763,1980,47,212],"class_list":["post-20318","post","type-post","status-publish","format-standard","has-post-thumbnail","hentry","category-destaques","category-educacao","category-noticias2","category-regiao","category-ribeira-do-pombal","tag-educacao","tag-olimpiada-da-lingua-portuguesa","tag-premiacao","tag-ribeira-do-pombal","tag-secretaria-de-educacao"],"aioseo_notices":[],"_links":{"self":[{"href":"https:\/\/www.portalalerta.com.br\/index.php\/wp-json\/wp\/v2\/posts\/20318","targetHints":{"allow":["GET"]}}],"collection":[{"href":"https:\/\/www.portalalerta.com.br\/index.php\/wp-json\/wp\/v2\/posts"}],"about":[{"href":"https:\/\/www.portalalerta.com.br\/index.php\/wp-json\/wp\/v2\/types\/post"}],"author":[{"embeddable":true,"href":"https:\/\/www.portalalerta.com.br\/index.php\/wp-json\/wp\/v2\/users\/2"}],"replies":[{"embeddable":true,"href":"https:\/\/www.portalalerta.com.br\/index.php\/wp-json\/wp\/v2\/comments?post=20318"}],"version-history":[{"count":1,"href":"https:\/\/www.portalalerta.com.br\/index.php\/wp-json\/wp\/v2\/posts\/20318\/revisions"}],"predecessor-version":[{"id":20320,"href":"https:\/\/www.portalalerta.com.br\/index.php\/wp-json\/wp\/v2\/posts\/20318\/revisions\/20320"}],"wp:featuredmedia":[{"embeddable":true,"href":"https:\/\/www.portalalerta.com.br\/index.php\/wp-json\/wp\/v2\/media\/20319"}],"wp:attachment":[{"href":"https:\/\/www.portalalerta.com.br\/index.php\/wp-json\/wp\/v2\/media?parent=20318"}],"wp:term":[{"taxonomy":"category","embeddable":true,"href":"https:\/\/www.portalalerta.com.br\/index.php\/wp-json\/wp\/v2\/categories?post=20318"},{"taxonomy":"post_tag","embeddable":true,"href":"https:\/\/www.portalalerta.com.br\/index.php\/wp-json\/wp\/v2\/tags?post=20318"}],"curies":[{"name":"wp","href":"https:\/\/api.w.org\/{rel}","templated":true}]}}