{"id":20345,"date":"2019-12-04T01:40:50","date_gmt":"2019-12-04T04:40:50","guid":{"rendered":"https:\/\/www.portalalerta.com.br\/?p=20345"},"modified":"2019-12-04T01:40:50","modified_gmt":"2019-12-04T04:40:50","slug":"tragico-acidente-deixa-quatro-mortos-sendo-tres-da-mesma-familia-em-tucano-ba","status":"publish","type":"post","link":"https:\/\/www.portalalerta.com.br\/index.php\/2019\/12\/04\/tragico-acidente-deixa-quatro-mortos-sendo-tres-da-mesma-familia-em-tucano-ba\/","title":{"rendered":"Tr\u00e1gico Acidente deixa quatro mortos, sendo tr\u00eas da mesma fam\u00edlia, em Tucano-BA"},"content":{"rendered":"<p style=\"text-align: justify;\">Um tr\u00e1gico acidente envolvendo um Fiat P\u00e1lio de cor prata, placa policial JLN 5522 , e uma Scania Cegonha de cor cinza, placa policial PXE 4499, deixou quatro mortos, na manh\u00e3 desta ter\u00e7a-feira, 03, na BR 116, entre Tucano-BA e Araci-BA.<!--more--><\/p>\n<p style=\"text-align: justify;\">Todos os mortos eram ocupantes do ve\u00edculo de passeio. De acordo com informa\u00e7\u00f5es, Jos\u00e9 Severiano da Fran\u00e7a (Z\u00e9 Bracinho), 61 anos retornava de Salvador-BA, onde tinha ido buscar a pr\u00f3pria filha Roseli Duarte da Fran\u00e7a, 39 anos, e seu neto Mikael Kau\u00ea Duarte Almeida, 4 anos, tendo como destino Euclides da Cunha-BA. Al\u00e9m da fam\u00edlia, estava no ve\u00edculo, Givaldo Gon\u00e7alves da Silva, 40 anos, que era vizinho de Jos\u00e9 Severiano, e acompanhava o mesmo com a finalidade de ajuda-lo na viagem.<\/p>\n<p style=\"text-align: justify;\"><img fetchpriority=\"high\" decoding=\"async\" class=\"size-thumbnail wp-image-4869 aligncenter\" src=\"https:\/\/www.portalalerta.com.br\/wp-content\/uploads\/2018\/02\/Auto-Escola-Nobre-720x181.jpg\" alt=\"\" width=\"720\" height=\"181\" srcset=\"https:\/\/www.portalalerta.com.br\/wp-content\/uploads\/2018\/02\/Auto-Escola-Nobre.jpg 720w, https:\/\/www.portalalerta.com.br\/wp-content\/uploads\/2018\/02\/Auto-Escola-Nobre-260x65.jpg 260w, https:\/\/www.portalalerta.com.br\/wp-content\/uploads\/2018\/02\/Auto-Escola-Nobre-50x13.jpg 50w, https:\/\/www.portalalerta.com.br\/wp-content\/uploads\/2018\/02\/Auto-Escola-Nobre-150x38.jpg 150w\" sizes=\"(max-width: 720px) 100vw, 720px\" \/>Segundo o motorista da Scania, que tinha sa\u00eddo do Cear\u00e1 e tinha como destino Minas Gerais, o Fiat P\u00e1lio teria invadido a contram\u00e3o de dire\u00e7\u00e3o, e mesmo com a tentativa do condutor do ve\u00edculo de carga, a colis\u00e3o frontal foi inevit\u00e1vel, fazendo com que as v\u00edtimas tivessem os \u00f3bitos contatados ainda no local.<\/p>\n<p style=\"text-align: justify;\">Os corpos foram removidos para o Departamento de Pol\u00edcia T\u00e9cnica (DPT &#8211;\u00a0 Euclides da Cunha) para serem autopsiados. As causas do acidente ser\u00e3o investigadas.<\/p>\n<figure id=\"attachment_20346\" aria-describedby=\"caption-attachment-20346\" style=\"width: 720px\" class=\"wp-caption aligncenter\"><img decoding=\"async\" class=\"wp-image-20346 size-full\" src=\"https:\/\/www.portalalerta.com.br\/wp-content\/uploads\/2019\/12\/acidente-BR-116.2019.6.jpg\" alt=\"\" width=\"720\" height=\"270\" srcset=\"https:\/\/www.portalalerta.com.br\/wp-content\/uploads\/2019\/12\/acidente-BR-116.2019.6.jpg 720w, https:\/\/www.portalalerta.com.br\/wp-content\/uploads\/2019\/12\/acidente-BR-116.2019.6-640x240.jpg 640w, https:\/\/www.portalalerta.com.br\/wp-content\/uploads\/2019\/12\/acidente-BR-116.2019.6-260x98.jpg 260w, https:\/\/www.portalalerta.com.br\/wp-content\/uploads\/2019\/12\/acidente-BR-116.2019.6-50x19.jpg 50w, https:\/\/www.portalalerta.com.br\/wp-content\/uploads\/2019\/12\/acidente-BR-116.2019.6-150x56.jpg 150w\" sizes=\"(max-width: 720px) 100vw, 720px\" \/><figcaption id=\"caption-attachment-20346\" class=\"wp-caption-text\">Jo\u00e3o Severiano, Roseli e seu filho Mikael, e Givaldo<\/figcaption><\/figure>\n<p style=\"text-align: justify;\"><em>Reda\u00e7\u00e3o: Portal Alerta<\/em><\/p>\n<p style=\"text-align: justify;\"><em>Com informa\u00e7\u00f5es: Gil Santos <\/em><\/p>\n","protected":false},"excerpt":{"rendered":"<p>Um tr\u00e1gico acidente envolvendo um Fiat P\u00e1lio de cor prata, placa policial JLN 5522 , e uma Scania Cegonha de cor cinza, placa policial PXE 4499, deixou quatro mortos, na manh\u00e3 desta ter\u00e7a-feira, 03, na BR 116, entre Tucano-BA e Araci-BA.<\/p>\n","protected":false},"author":2,"featured_media":20347,"comment_status":"open","ping_status":"open","sticky":false,"template":"","format":"standard","meta":{"om_disable_all_campaigns":false,"_monsterinsights_skip_tracking":false,"_monsterinsights_sitenote_active":false,"_monsterinsights_sitenote_note":"","_monsterinsights_sitenote_category":0,"footnotes":""},"categories":[70,17,69,32,12],"tags":[166,289,129,439,190],"class_list":["post-20345","post","type-post","status-publish","format-standard","has-post-thumbnail","hentry","category-destaques","category-euclides-da-cunha","category-noticias2","category-regiao","category-tucano","tag-acidente","tag-br-116","tag-euclides-da-cunha","tag-mortes","tag-tucano"],"aioseo_notices":[],"_links":{"self":[{"href":"https:\/\/www.portalalerta.com.br\/index.php\/wp-json\/wp\/v2\/posts\/20345","targetHints":{"allow":["GET"]}}],"collection":[{"href":"https:\/\/www.portalalerta.com.br\/index.php\/wp-json\/wp\/v2\/posts"}],"about":[{"href":"https:\/\/www.portalalerta.com.br\/index.php\/wp-json\/wp\/v2\/types\/post"}],"author":[{"embeddable":true,"href":"https:\/\/www.portalalerta.com.br\/index.php\/wp-json\/wp\/v2\/users\/2"}],"replies":[{"embeddable":true,"href":"https:\/\/www.portalalerta.com.br\/index.php\/wp-json\/wp\/v2\/comments?post=20345"}],"version-history":[{"count":1,"href":"https:\/\/www.portalalerta.com.br\/index.php\/wp-json\/wp\/v2\/posts\/20345\/revisions"}],"predecessor-version":[{"id":20348,"href":"https:\/\/www.portalalerta.com.br\/index.php\/wp-json\/wp\/v2\/posts\/20345\/revisions\/20348"}],"wp:featuredmedia":[{"embeddable":true,"href":"https:\/\/www.portalalerta.com.br\/index.php\/wp-json\/wp\/v2\/media\/20347"}],"wp:attachment":[{"href":"https:\/\/www.portalalerta.com.br\/index.php\/wp-json\/wp\/v2\/media?parent=20345"}],"wp:term":[{"taxonomy":"category","embeddable":true,"href":"https:\/\/www.portalalerta.com.br\/index.php\/wp-json\/wp\/v2\/categories?post=20345"},{"taxonomy":"post_tag","embeddable":true,"href":"https:\/\/www.portalalerta.com.br\/index.php\/wp-json\/wp\/v2\/tags?post=20345"}],"curies":[{"name":"wp","href":"https:\/\/api.w.org\/{rel}","templated":true}]}}