{"id":20349,"date":"2019-12-04T02:31:18","date_gmt":"2019-12-04T05:31:18","guid":{"rendered":"https:\/\/www.portalalerta.com.br\/?p=20349"},"modified":"2019-12-04T02:31:18","modified_gmt":"2019-12-04T05:31:18","slug":"prefeito-ricardo-maia-anuncia-cancelamento-de-concurso-publico-em-ribeira-do-pombal-ba-edital-devera-ser-lancado-num-prazo-de-30-dias","status":"publish","type":"post","link":"https:\/\/www.portalalerta.com.br\/index.php\/2019\/12\/04\/prefeito-ricardo-maia-anuncia-cancelamento-de-concurso-publico-em-ribeira-do-pombal-ba-edital-devera-ser-lancado-num-prazo-de-30-dias\/","title":{"rendered":"Prefeito Ricardo Maia anuncia cancelamento de Concurso P\u00fablico, em Ribeira do Pombal-BA. Edital dever\u00e1 ser lan\u00e7ado num prazo de 30 dias"},"content":{"rendered":"<p style=\"text-align: justify;\">O prefeito de Ribeira do Pombal-BA, Ricardo Maia, divulgou um v\u00eddeo em redes sociais, na tarde desta ter\u00e7a-feira, 03, onde anunciou o Cancelamento do Concurso P\u00fablico 2019, que previa o preenchimento de 125 vagas de diversos cargos p\u00fablicos no munic\u00edpio.<!--more--><\/p>\n<p style=\"text-align: justify;\"><img fetchpriority=\"high\" decoding=\"async\" class=\"size-full wp-image-2902 alignleft\" src=\"https:\/\/www.portalalerta.com.br\/wp-content\/uploads\/2017\/11\/elab-2.jpg\" alt=\"\" width=\"310\" height=\"200\" srcset=\"https:\/\/www.portalalerta.com.br\/wp-content\/uploads\/2017\/11\/elab-2.jpg 310w, https:\/\/www.portalalerta.com.br\/wp-content\/uploads\/2017\/11\/elab-2-226x146.jpg 226w, https:\/\/www.portalalerta.com.br\/wp-content\/uploads\/2017\/11\/elab-2-50x32.jpg 50w, https:\/\/www.portalalerta.com.br\/wp-content\/uploads\/2017\/11\/elab-2-116x75.jpg 116w\" sizes=\"(max-width: 310px) 100vw, 310px\" \/>O concurso que tinha previs\u00e3o de realiza\u00e7\u00e3o de provas previstas para o \u00faltimo domingo, 1\u00ba, foi suspenso pelo juiz de Direito da Vara C\u00edvel da Comarca de Ribeira do Pombal, Dr. Paulo Ramalho Pessoa de Andrade Campos Neto, na \u00faltima sexta-feira, 29, ap\u00f3s solicita\u00e7\u00e3o do Minist\u00e9rio P\u00fablico, tendo como alega\u00e7\u00f5es irregularidades na contrata\u00e7\u00e3o da empresa respons\u00e1vel pelo Certame. <a href=\"https:\/\/www.portalalerta.com.br\/index.php\/2019\/11\/29\/urgente-justica-volta-a-suspender-concurso-publico-de-ribeira-do-pombal-ba\/\"><strong>Relembre<\/strong><\/a><\/p>\n<p style=\"text-align: justify;\">Desta forma, na manh\u00e3 de ter\u00e7a-feira,03, se reuniram no F\u00f3rum da cidade, os representantes do munic\u00edpio, do minist\u00e9rio p\u00fablico, e do judici\u00e1rio local, ficando decidido em comum acordo, pelo cancelamento do Concurso.<\/p>\n<p style=\"text-align: justify;\">Ricardo justificou a decis\u00e3o, afirmando que s\u00f3 assim evitaria \u201cbrigas processuais\u201d, ao mesmo tempo em que oferta seguran\u00e7a jur\u00eddica para os candidatos, que diga-se de passagem permanecem com as inscri\u00e7\u00f5es garantidas, tendo em vista que o gestor afirmou que ser\u00e1 lan\u00e7ada uma Licita\u00e7\u00e3o num prazo de trinta dias para a escolha da empresa que dever\u00e1 realizar o t\u00e3o esperado Concurso P\u00fablico. <strong>Veja o v\u00eddeo na \u00edntegra:<\/strong><\/p>\n<div style=\"width: 1280px;\" class=\"wp-video\"><!--[if lt IE 9]><script>document.createElement('video');<\/script><![endif]-->\n<video class=\"wp-video-shortcode\" id=\"video-20349-1\" width=\"1280\" height=\"720\" preload=\"metadata\" controls=\"controls\"><source type=\"video\/mp4\" src=\"https:\/\/www.portalalerta.com.br\/wp-content\/uploads\/2019\/12\/cancelamento-do-concurso-de-Ribeira-do-Pombal.mp4?_=1\" \/><a href=\"https:\/\/www.portalalerta.com.br\/wp-content\/uploads\/2019\/12\/cancelamento-do-concurso-de-Ribeira-do-Pombal.mp4\">https:\/\/www.portalalerta.com.br\/wp-content\/uploads\/2019\/12\/cancelamento-do-concurso-de-Ribeira-do-Pombal.mp4<\/a><\/video><\/div>\n<p style=\"text-align: justify;\"><em>Reda\u00e7\u00e3o: Portal Alerta<\/em><\/p>\n","protected":false},"excerpt":{"rendered":"<p>O prefeito de Ribeira do Pombal-BA, Ricardo Maia, divulgou um v\u00eddeo em redes sociais, na tarde desta ter\u00e7a-feira, 03, onde anunciou o Cancelamento do Concurso P\u00fablico 2019, que previa o preenchimento de 125 vagas de diversos cargos p\u00fablicos no munic\u00edpio.<\/p>\n","protected":false},"author":2,"featured_media":20351,"comment_status":"open","ping_status":"open","sticky":false,"template":"","format":"standard","meta":{"om_disable_all_campaigns":false,"_monsterinsights_skip_tracking":false,"_monsterinsights_sitenote_active":false,"_monsterinsights_sitenote_note":"","_monsterinsights_sitenote_category":0,"footnotes":""},"categories":[70,69,21,32,3],"tags":[1134,3034,352,3256,198,47,146],"class_list":["post-20349","post","type-post","status-publish","format-standard","has-post-thumbnail","hentry","category-destaques","category-noticias2","category-politica","category-regiao","category-ribeira-do-pombal","tag-cancelamento","tag-concurso-publico","tag-ministerio-publico","tag-poder-judiciario","tag-prefeito","tag-ribeira-do-pombal","tag-ricardo-maia"],"aioseo_notices":[],"_links":{"self":[{"href":"https:\/\/www.portalalerta.com.br\/index.php\/wp-json\/wp\/v2\/posts\/20349","targetHints":{"allow":["GET"]}}],"collection":[{"href":"https:\/\/www.portalalerta.com.br\/index.php\/wp-json\/wp\/v2\/posts"}],"about":[{"href":"https:\/\/www.portalalerta.com.br\/index.php\/wp-json\/wp\/v2\/types\/post"}],"author":[{"embeddable":true,"href":"https:\/\/www.portalalerta.com.br\/index.php\/wp-json\/wp\/v2\/users\/2"}],"replies":[{"embeddable":true,"href":"https:\/\/www.portalalerta.com.br\/index.php\/wp-json\/wp\/v2\/comments?post=20349"}],"version-history":[{"count":1,"href":"https:\/\/www.portalalerta.com.br\/index.php\/wp-json\/wp\/v2\/posts\/20349\/revisions"}],"predecessor-version":[{"id":20352,"href":"https:\/\/www.portalalerta.com.br\/index.php\/wp-json\/wp\/v2\/posts\/20349\/revisions\/20352"}],"wp:featuredmedia":[{"embeddable":true,"href":"https:\/\/www.portalalerta.com.br\/index.php\/wp-json\/wp\/v2\/media\/20351"}],"wp:attachment":[{"href":"https:\/\/www.portalalerta.com.br\/index.php\/wp-json\/wp\/v2\/media?parent=20349"}],"wp:term":[{"taxonomy":"category","embeddable":true,"href":"https:\/\/www.portalalerta.com.br\/index.php\/wp-json\/wp\/v2\/categories?post=20349"},{"taxonomy":"post_tag","embeddable":true,"href":"https:\/\/www.portalalerta.com.br\/index.php\/wp-json\/wp\/v2\/tags?post=20349"}],"curies":[{"name":"wp","href":"https:\/\/api.w.org\/{rel}","templated":true}]}}