{"id":20450,"date":"2019-12-13T12:30:33","date_gmt":"2019-12-13T15:30:33","guid":{"rendered":"https:\/\/www.portalalerta.com.br\/?p=20450"},"modified":"2019-12-13T12:30:33","modified_gmt":"2019-12-13T15:30:33","slug":"cicero-dantas-ba-recebera-cerca-de-3-000-jovens-no-dnj-2019-neste-final-de-semana","status":"publish","type":"post","link":"https:\/\/www.portalalerta.com.br\/index.php\/2019\/12\/13\/cicero-dantas-ba-recebera-cerca-de-3-000-jovens-no-dnj-2019-neste-final-de-semana\/","title":{"rendered":"C\u00edcero Dantas-BA receber\u00e1 cerca de 3.000 jovens no DNJ 2019, neste final de semana"},"content":{"rendered":"<p style=\"text-align: justify;\">A igreja cat\u00f3lica comemora o DNJ (Dia Nacional da Juventude) em todo Brasil. Trata-se de um encontro entre jovens para vivenciar o amor de Deus em suas vidas, com momentos de divers\u00e3o, louvor, partilha, palestras e muita anima\u00e7\u00e3o. Neste ano C\u00edcero Dantas foi escolhida para sediar o DNJ 2019 entre 19 cidades que fazem parte da Diocese de Paulo Afonso\/BA, e receber\u00e1 cerca de tr\u00eas mil jovens nos dias 14 e 15 de dezembro que vir\u00e3o das seguintes cidades: Ribeira do Pombal, Banza\u00ea, Novo Triunfo, Antas, F\u00e1tima, Adustina, Paripiranga, S\u00edtio do Quinto, Coronel Jo\u00e3o S\u00e1, Pedro Alexandre, Santa Brigida, Jeremoabo, Canudos, Paulo Afonso, Gl\u00f3ria, Rodelas, Abar\u00e9, Macurur\u00e9 e Chorroch\u00f3.<!--more--><\/p>\n<p><img fetchpriority=\"high\" decoding=\"async\" class=\"size-full wp-image-19576 aligncenter\" src=\"https:\/\/www.portalalerta.com.br\/wp-content\/uploads\/2019\/09\/Amei-Cosm\u00e9ticos.jpeg\" alt=\"\" width=\"600\" height=\"150\" srcset=\"https:\/\/www.portalalerta.com.br\/wp-content\/uploads\/2019\/09\/Amei-Cosm\u00e9ticos.jpeg 600w, https:\/\/www.portalalerta.com.br\/wp-content\/uploads\/2019\/09\/Amei-Cosm\u00e9ticos-260x65.jpeg 260w, https:\/\/www.portalalerta.com.br\/wp-content\/uploads\/2019\/09\/Amei-Cosm\u00e9ticos-50x13.jpeg 50w, https:\/\/www.portalalerta.com.br\/wp-content\/uploads\/2019\/09\/Amei-Cosm\u00e9ticos-150x38.jpeg 150w\" sizes=\"(max-width: 600px) 100vw, 600px\" \/>Confira a seguir a programa\u00e7\u00e3o de tudo que acontecer\u00e1 nesse grande evento:<\/p>\n<p style=\"text-align: justify;\"><strong><img decoding=\"async\" class=\"aligncenter wp-image-20451 size-full\" src=\"https:\/\/www.portalalerta.com.br\/wp-content\/uploads\/2019\/12\/DNJ-C\u00edcero-Dantas-2019.1.jpg\" alt=\"\" width=\"720\" height=\"360\" srcset=\"https:\/\/www.portalalerta.com.br\/wp-content\/uploads\/2019\/12\/DNJ-C\u00edcero-Dantas-2019.1.jpg 720w, https:\/\/www.portalalerta.com.br\/wp-content\/uploads\/2019\/12\/DNJ-C\u00edcero-Dantas-2019.1-480x240.jpg 480w, https:\/\/www.portalalerta.com.br\/wp-content\/uploads\/2019\/12\/DNJ-C\u00edcero-Dantas-2019.1-260x130.jpg 260w, https:\/\/www.portalalerta.com.br\/wp-content\/uploads\/2019\/12\/DNJ-C\u00edcero-Dantas-2019.1-50x25.jpg 50w, https:\/\/www.portalalerta.com.br\/wp-content\/uploads\/2019\/12\/DNJ-C\u00edcero-Dantas-2019.1-150x75.jpg 150w\" sizes=\"(max-width: 720px) 100vw, 720px\" \/>O que \u00e9 o DNJ?<\/strong><\/p>\n<p>O Dia Nacional da Juventude (DNJ) \u00e9 um evento nacional que teve in\u00edcio no Brasil em 1985. \u00c9 celebrado no \u00faltimo domingo de outubro, mas cada diocese tem a autonomia de mudar esta data de acordo com sua realidade. Todo ano, a CNBB prop\u00f5e um tema e um lema para este evento, sendo que o do corrente ano \u00e9 \u201cJuventude e pol\u00edticas p\u00fablicas: uma hist\u00f3ria nos chama para a civiliza\u00e7\u00e3o do amor\u201d, seguindo o tema da Campanha da Fraternidade que \u00e9 \u201cFraternidade e Pol\u00edticas P\u00fablicas\u201d. O lema do DNJ \u00e9 \u201cEu vim para que todos tenham vida\u201d (Jo 10,11).<\/p>\n<p><em>Fonte: C\u00edcero Dantas Acontece <\/em><\/p>\n","protected":false},"excerpt":{"rendered":"<p>A igreja cat\u00f3lica comemora o DNJ (Dia Nacional da Juventude) em todo Brasil. Trata-se de um encontro entre jovens para vivenciar o amor de Deus em suas vidas, com momentos de divers\u00e3o, louvor, partilha, palestras e muita anima\u00e7\u00e3o. Neste ano C\u00edcero Dantas foi escolhida para sediar o DNJ 2019 entre 19 cidades que fazem parte &hellip;<\/p>\n","protected":false},"author":2,"featured_media":20452,"comment_status":"open","ping_status":"open","sticky":false,"template":"","format":"standard","meta":{"om_disable_all_campaigns":false,"_monsterinsights_skip_tracking":false,"_monsterinsights_sitenote_active":false,"_monsterinsights_sitenote_note":"","_monsterinsights_sitenote_category":0,"footnotes":""},"categories":[4,70,69,32],"tags":[323,100,71,49,491,683,75,312,3268,107,310,1009,230,1691,203,51,118,1518,47,2454,555,111],"class_list":["post-20450","post","type-post","status-publish","format-standard","has-post-thumbnail","hentry","category-cicero-dantas","category-destaques","category-noticias2","category-regiao","tag-abare","tag-adustina","tag-antas","tag-banzae","tag-canudos","tag-chorrocho","tag-cicero-dantas","tag-coronel-joao-sa","tag-dnj","tag-fatima","tag-gloria","tag-igreja-catolica","tag-jeremoabo","tag-macurure","tag-novo-triunfo","tag-paripiranga","tag-paulo-afonso","tag-pedro-alexandre","tag-ribeira-do-pombal","tag-rodelas","tag-santa-brigida","tag-sitio-do-quinto"],"aioseo_notices":[],"_links":{"self":[{"href":"https:\/\/www.portalalerta.com.br\/index.php\/wp-json\/wp\/v2\/posts\/20450","targetHints":{"allow":["GET"]}}],"collection":[{"href":"https:\/\/www.portalalerta.com.br\/index.php\/wp-json\/wp\/v2\/posts"}],"about":[{"href":"https:\/\/www.portalalerta.com.br\/index.php\/wp-json\/wp\/v2\/types\/post"}],"author":[{"embeddable":true,"href":"https:\/\/www.portalalerta.com.br\/index.php\/wp-json\/wp\/v2\/users\/2"}],"replies":[{"embeddable":true,"href":"https:\/\/www.portalalerta.com.br\/index.php\/wp-json\/wp\/v2\/comments?post=20450"}],"version-history":[{"count":1,"href":"https:\/\/www.portalalerta.com.br\/index.php\/wp-json\/wp\/v2\/posts\/20450\/revisions"}],"predecessor-version":[{"id":20453,"href":"https:\/\/www.portalalerta.com.br\/index.php\/wp-json\/wp\/v2\/posts\/20450\/revisions\/20453"}],"wp:featuredmedia":[{"embeddable":true,"href":"https:\/\/www.portalalerta.com.br\/index.php\/wp-json\/wp\/v2\/media\/20452"}],"wp:attachment":[{"href":"https:\/\/www.portalalerta.com.br\/index.php\/wp-json\/wp\/v2\/media?parent=20450"}],"wp:term":[{"taxonomy":"category","embeddable":true,"href":"https:\/\/www.portalalerta.com.br\/index.php\/wp-json\/wp\/v2\/categories?post=20450"},{"taxonomy":"post_tag","embeddable":true,"href":"https:\/\/www.portalalerta.com.br\/index.php\/wp-json\/wp\/v2\/tags?post=20450"}],"curies":[{"name":"wp","href":"https:\/\/api.w.org\/{rel}","templated":true}]}}