{"id":20454,"date":"2019-12-13T13:04:35","date_gmt":"2019-12-13T16:04:35","guid":{"rendered":"https:\/\/www.portalalerta.com.br\/?p=20454"},"modified":"2019-12-13T13:31:05","modified_gmt":"2019-12-13T16:31:05","slug":"tribunal-superior-eleitoral-aprova-normas-para-eleicao","status":"publish","type":"post","link":"https:\/\/www.portalalerta.com.br\/index.php\/2019\/12\/13\/tribunal-superior-eleitoral-aprova-normas-para-eleicao\/","title":{"rendered":"Tribunal Superior Eleitoral aprova normas para elei\u00e7\u00e3o"},"content":{"rendered":"<p style=\"text-align: justify;\">O plen\u00e1rio do Tribunal Superior Eleitoral (TSE) aprovou nesta quinta-feira, 12, as primeiras quatro resolu\u00e7\u00f5es com regras para a elei\u00e7\u00e3o municipal de 2020, entre as quais a que regulamenta os procedimentos de fiscaliza\u00e7\u00e3o e auditoria do sistema eletr\u00f4nico de vota\u00e7\u00e3o.<!--more--><\/p>\n<p style=\"text-align: justify;\">Neste caso, a principal novidade foi a amplia\u00e7\u00e3o do rol de entidades que podem fiscalizar a vota\u00e7\u00e3o, que passa agora a incluir, por exemplo, as For\u00e7as Armadas, o Conselho Nacional de Justi\u00e7a (CNJ), o Tribunal de Contas da Uni\u00e3o (TCU) e entidades privadas, sem fins lucrativos, que possuam not\u00f3ria atua\u00e7\u00e3o em fiscaliza\u00e7\u00e3o e transpar\u00eancia da gest\u00e3o p\u00fablica e sejam previamente credenciadas junto ao TSE.<\/p>\n<p style=\"text-align: justify;\"><img fetchpriority=\"high\" decoding=\"async\" class=\"size-thumbnail wp-image-9394 alignleft\" src=\"https:\/\/www.portalalerta.com.br\/wp-content\/uploads\/2018\/07\/05elab-320x240.jpg\" alt=\"\" width=\"320\" height=\"240\" srcset=\"https:\/\/www.portalalerta.com.br\/wp-content\/uploads\/2018\/07\/05elab-320x240.jpg 320w, https:\/\/www.portalalerta.com.br\/wp-content\/uploads\/2018\/07\/05elab-195x146.jpg 195w, https:\/\/www.portalalerta.com.br\/wp-content\/uploads\/2018\/07\/05elab-50x38.jpg 50w, https:\/\/www.portalalerta.com.br\/wp-content\/uploads\/2018\/07\/05elab-100x75.jpg 100w, https:\/\/www.portalalerta.com.br\/wp-content\/uploads\/2018\/07\/05elab.jpg 400w\" sizes=\"(max-width: 320px) 100vw, 320px\" \/>Elas se juntam \u00e0s entidades que tradicionalmente j\u00e1 constavam da lista, como a Ordem dos Advogados do Brasil (OAB), Congresso Nacional, Supremo Tribunal Federal (STF), Minist\u00e9rio P\u00fablico, Pol\u00edcia Federal e os departamentos de tecnologia da informa\u00e7\u00e3o de universidades.<\/p>\n<p style=\"text-align: justify;\">Outra resolu\u00e7\u00e3o aprovada ontem foi a que regulamenta a realiza\u00e7\u00e3o de pesquisas de inten\u00e7\u00e3o de voto, que \u2013 a partir de 1\u00ba de janeiro \u2013 s\u00f3 poder\u00e3o ser realizadas mediante registro de uma s\u00e9rie de informa\u00e7\u00f5es junto ao TSE.<\/p>\n<p style=\"text-align: justify;\">Pela primeira vez, essa resolu\u00e7\u00e3o passa a trazer a proibi\u00e7\u00e3o expressa de que sejam exclu\u00eddos da lista da pesquisa os nomes de candidatos que tenham a confirma\u00e7\u00e3o de seu registro de candidatura ainda pendente de aprova\u00e7\u00e3o pelo TSE.<\/p>\n<p style=\"text-align: justify;\"><strong>Pesquisas<\/strong><\/p>\n<p style=\"text-align: justify;\">Agora, um candidato s\u00f3 pode ter o nome exclu\u00eddo de uma pesquisa eleitoral quando seu registro n\u00e3o estiver mais sub j\u00fadice, ou seja, quando sua candidatura tiver sido indeferida em definitivo, sem possibilidade de recurso judicial.<\/p>\n<p style=\"text-align: justify;\">A norma visa evitar o que ocorreu em 2018, quando houve mais de um pedido ao TSE para que o nome do ent\u00e3o candidato ao PT \u00e0 Presid\u00eancia da Rep\u00fablica, Luiz In\u00e1cio Lula da Silva, fosse retirado de pesquisas eleitorais ante a perspectiva de que ele tivesse seu registro de candidatura negado.<\/p>\n<p style=\"text-align: justify;\">\u00c0 \u00e9poca, a Justi\u00e7a Eleitoral somente permitiu a retirada do nome do ex-presidente das pesquisas depois da confirma\u00e7\u00e3o do indeferimento de sua candidatura.<\/p>\n<p style=\"text-align: justify;\"><strong>Outras resolu\u00e7\u00f5es<\/strong><\/p>\n<p style=\"text-align: justify;\">Tamb\u00e9m foram aprovadas na reuni\u00e3o de ontem as resolu\u00e7\u00f5es relativas aos lacres das urnas e ao cronograma do cadastro de eleitores.<\/p>\n<p style=\"text-align: justify;\">Pela legisla\u00e7\u00e3o, o TSE tem at\u00e9 o fim deste ano para aprovar todas as resolu\u00e7\u00f5es relativas ao pleito do ano que vem.<\/p>\n<p style=\"text-align: justify;\">Uma das mais esperadas \u00e9 a que trata da propaganda eleitoral, que deve trazer novidades a respeito do uso da internet e tamb\u00e9m sobre as not\u00edcias falsas, tamb\u00e9m conhecidas como fake news.<\/p>\n<p style=\"text-align: justify;\">No dia 11 de novembro, o grupo gestor do Programa de Enfrentamento \u00e0 Desinforma\u00e7\u00e3o do TSE recebeu representantes de pol\u00edticas p\u00fablicas e advogados do Google, Facebook, WhatsApp e Twitter, para reuni\u00f5es com cada uma das plataformas, com o objetivo de ajustar estrat\u00e9gias de combate \u00e0s informa\u00e7\u00f5es falsas nas Elei\u00e7\u00f5es Municipais de 2020.<\/p>\n<p style=\"text-align: justify;\">Os encontros tamb\u00e9m serviram para aperfei\u00e7oar os canais de comunica\u00e7\u00e3o dessas empresas com a Justi\u00e7a Eleitoral, identificar pontos em comum e definir a\u00e7\u00f5es concretas dentro da pol\u00edtica de modera\u00e7\u00e3o e direcionamento de conte\u00fados de cada plataforma e potencializar a utiliza\u00e7\u00e3o das evolu\u00e7\u00f5es tecnol\u00f3gicas na dissemina\u00e7\u00e3o de informa\u00e7\u00f5es oficiais.<\/p>\n<p style=\"text-align: justify;\"><em>Fonte: A Tarde<\/em><\/p>\n","protected":false},"excerpt":{"rendered":"<p>O plen\u00e1rio do Tribunal Superior Eleitoral (TSE) aprovou nesta quinta-feira, 12, as primeiras quatro resolu\u00e7\u00f5es com regras para a elei\u00e7\u00e3o municipal de 2020, entre as quais a que regulamenta os procedimentos de fiscaliza\u00e7\u00e3o e auditoria do sistema eletr\u00f4nico de vota\u00e7\u00e3o.<\/p>\n","protected":false},"author":2,"featured_media":20100,"comment_status":"open","ping_status":"open","sticky":false,"template":"","format":"standard","meta":{"om_disable_all_campaigns":false,"_monsterinsights_skip_tracking":false,"_monsterinsights_sitenote_active":false,"_monsterinsights_sitenote_note":"","_monsterinsights_sitenote_category":0,"footnotes":""},"categories":[34,70,69,21],"tags":[93,3215,549],"class_list":["post-20454","post","type-post","status-publish","format-standard","has-post-thumbnail","hentry","category-brasil","category-destaques","category-noticias2","category-politica","tag-brasil","tag-eleicoes-2020","tag-tse"],"aioseo_notices":[],"_links":{"self":[{"href":"https:\/\/www.portalalerta.com.br\/index.php\/wp-json\/wp\/v2\/posts\/20454","targetHints":{"allow":["GET"]}}],"collection":[{"href":"https:\/\/www.portalalerta.com.br\/index.php\/wp-json\/wp\/v2\/posts"}],"about":[{"href":"https:\/\/www.portalalerta.com.br\/index.php\/wp-json\/wp\/v2\/types\/post"}],"author":[{"embeddable":true,"href":"https:\/\/www.portalalerta.com.br\/index.php\/wp-json\/wp\/v2\/users\/2"}],"replies":[{"embeddable":true,"href":"https:\/\/www.portalalerta.com.br\/index.php\/wp-json\/wp\/v2\/comments?post=20454"}],"version-history":[{"count":2,"href":"https:\/\/www.portalalerta.com.br\/index.php\/wp-json\/wp\/v2\/posts\/20454\/revisions"}],"predecessor-version":[{"id":20458,"href":"https:\/\/www.portalalerta.com.br\/index.php\/wp-json\/wp\/v2\/posts\/20454\/revisions\/20458"}],"wp:featuredmedia":[{"embeddable":true,"href":"https:\/\/www.portalalerta.com.br\/index.php\/wp-json\/wp\/v2\/media\/20100"}],"wp:attachment":[{"href":"https:\/\/www.portalalerta.com.br\/index.php\/wp-json\/wp\/v2\/media?parent=20454"}],"wp:term":[{"taxonomy":"category","embeddable":true,"href":"https:\/\/www.portalalerta.com.br\/index.php\/wp-json\/wp\/v2\/categories?post=20454"},{"taxonomy":"post_tag","embeddable":true,"href":"https:\/\/www.portalalerta.com.br\/index.php\/wp-json\/wp\/v2\/tags?post=20454"}],"curies":[{"name":"wp","href":"https:\/\/api.w.org\/{rel}","templated":true}]}}