{"id":20456,"date":"2019-12-13T13:25:47","date_gmt":"2019-12-13T16:25:47","guid":{"rendered":"https:\/\/www.portalalerta.com.br\/?p=20456"},"modified":"2019-12-13T13:31:55","modified_gmt":"2019-12-13T16:31:55","slug":"alba-promove-audiencia-sobre-extincao-de-dez-municipios-no-estado","status":"publish","type":"post","link":"https:\/\/www.portalalerta.com.br\/index.php\/2019\/12\/13\/alba-promove-audiencia-sobre-extincao-de-dez-municipios-no-estado\/","title":{"rendered":"ALBA promove Audi\u00eancia sobre extin\u00e7\u00e3o de dez munic\u00edpios no Estado"},"content":{"rendered":"<p style=\"text-align: justify;\">A Assembleia Legislativa da Bahia (ALBA) promover\u00e1 na pr\u00f3xima segunda-feira (16), \u00e0s 14 horas, no audit\u00f3rio Jorge Calmon, a audi\u00eancia p\u00fablica sobre a &#8216;PEC do Pacto Federativo 188\/2019 e a extin\u00e7\u00e3o dos munic\u00edpios do estado da Bahia&#8217;.<!--more--><\/p>\n<p style=\"text-align: justify;\"><img fetchpriority=\"high\" decoding=\"async\" class=\"size-thumbnail wp-image-4869 aligncenter\" src=\"https:\/\/www.portalalerta.com.br\/wp-content\/uploads\/2018\/02\/Auto-Escola-Nobre-720x181.jpg\" alt=\"\" width=\"720\" height=\"181\" srcset=\"https:\/\/www.portalalerta.com.br\/wp-content\/uploads\/2018\/02\/Auto-Escola-Nobre.jpg 720w, https:\/\/www.portalalerta.com.br\/wp-content\/uploads\/2018\/02\/Auto-Escola-Nobre-260x65.jpg 260w, https:\/\/www.portalalerta.com.br\/wp-content\/uploads\/2018\/02\/Auto-Escola-Nobre-50x13.jpg 50w, https:\/\/www.portalalerta.com.br\/wp-content\/uploads\/2018\/02\/Auto-Escola-Nobre-150x38.jpg 150w\" sizes=\"(max-width: 720px) 100vw, 720px\" \/>O debate, que ser\u00e1 realizado pela Comiss\u00e3o de Assuntos Territoriais e Emancipa\u00e7\u00e3o, \u00e9 uma iniciativa dos deputados Osni Cardoso e Jac\u00f3.\u00a0Foram convidados, entre outras autoridades, representantes dos 10 munic\u00edpios baianos amea\u00e7ados de extin\u00e7\u00e3o (Maetinga, Catol\u00e2ndia, Lafaiete Coutinho, Lajedinho, Lajed\u00e3o, Ibiquera, Dom Macedo, Contendas do Sincor\u00e1, Aiquara e Gavi\u00e3o), da UPB, Confedera\u00e7\u00e3o Nacional de Munic\u00edpios (CNM), do Tribunal de Justi\u00e7a da Bahia (TJ-BA), da Procuradoria Geral do Estado (PGE), dos tribunais de Contas dos Munic\u00edpios (TCM), do Estado (TCE) e da Uni\u00e3o (TCU), al\u00e9m de secret\u00e1rios de governo e deputados estaduais.<\/p>\n<p style=\"text-align: justify;\"><em>Fonte: Joilson Costa<\/em><\/p>\n<p style=\"text-align: justify;\"><em>Com informa\u00e7\u00f5es: Cleriston Silva<\/em><\/p>\n<p style=\"text-align: justify;\">\n","protected":false},"excerpt":{"rendered":"<p>A Assembleia Legislativa da Bahia (ALBA) promover\u00e1 na pr\u00f3xima segunda-feira (16), \u00e0s 14 horas, no audit\u00f3rio Jorge Calmon, a audi\u00eancia p\u00fablica sobre a &#8216;PEC do Pacto Federativo 188\/2019 e a extin\u00e7\u00e3o dos munic\u00edpios do estado da Bahia&#8217;.<\/p>\n","protected":false},"author":2,"featured_media":4167,"comment_status":"open","ping_status":"open","sticky":false,"template":"","format":"standard","meta":{"om_disable_all_campaigns":false,"_monsterinsights_skip_tracking":false,"_monsterinsights_sitenote_active":false,"_monsterinsights_sitenote_note":"","_monsterinsights_sitenote_category":0,"footnotes":""},"categories":[33,70,69,21],"tags":[3196,478,671,3198,3270,2409,3269,2411,2659,2427,1231,2429,1229,3195,3271,223,72,1317,622,1235],"class_list":["post-20456","post","type-post","status-publish","format-standard","has-post-thumbnail","hentry","category-bahia","category-destaques","category-noticias2","category-politica","tag-aiquara","tag-alba","tag-audiencia-publica","tag-catolandia","tag-cnm","tag-contendas-do-sincora","tag-dom-macedo","tag-gaviao","tag-ibiquera","tag-lafaiete-coutinho","tag-lajedao","tag-lajedinho","tag-maetinga","tag-pec-do-pacto-federativo","tag-pge","tag-tce","tag-tcm","tag-tcu","tag-tj-ba","tag-upb"],"aioseo_notices":[],"_links":{"self":[{"href":"https:\/\/www.portalalerta.com.br\/index.php\/wp-json\/wp\/v2\/posts\/20456","targetHints":{"allow":["GET"]}}],"collection":[{"href":"https:\/\/www.portalalerta.com.br\/index.php\/wp-json\/wp\/v2\/posts"}],"about":[{"href":"https:\/\/www.portalalerta.com.br\/index.php\/wp-json\/wp\/v2\/types\/post"}],"author":[{"embeddable":true,"href":"https:\/\/www.portalalerta.com.br\/index.php\/wp-json\/wp\/v2\/users\/2"}],"replies":[{"embeddable":true,"href":"https:\/\/www.portalalerta.com.br\/index.php\/wp-json\/wp\/v2\/comments?post=20456"}],"version-history":[{"count":2,"href":"https:\/\/www.portalalerta.com.br\/index.php\/wp-json\/wp\/v2\/posts\/20456\/revisions"}],"predecessor-version":[{"id":20459,"href":"https:\/\/www.portalalerta.com.br\/index.php\/wp-json\/wp\/v2\/posts\/20456\/revisions\/20459"}],"wp:featuredmedia":[{"embeddable":true,"href":"https:\/\/www.portalalerta.com.br\/index.php\/wp-json\/wp\/v2\/media\/4167"}],"wp:attachment":[{"href":"https:\/\/www.portalalerta.com.br\/index.php\/wp-json\/wp\/v2\/media?parent=20456"}],"wp:term":[{"taxonomy":"category","embeddable":true,"href":"https:\/\/www.portalalerta.com.br\/index.php\/wp-json\/wp\/v2\/categories?post=20456"},{"taxonomy":"post_tag","embeddable":true,"href":"https:\/\/www.portalalerta.com.br\/index.php\/wp-json\/wp\/v2\/tags?post=20456"}],"curies":[{"name":"wp","href":"https:\/\/api.w.org\/{rel}","templated":true}]}}