{"id":20460,"date":"2019-12-13T14:07:57","date_gmt":"2019-12-13T17:07:57","guid":{"rendered":"https:\/\/www.portalalerta.com.br\/?p=20460"},"modified":"2019-12-13T14:08:32","modified_gmt":"2019-12-13T17:08:32","slug":"operacao-prende-tres-pessoas-por-sonegacao-de-r-22-milhoes-no-setor-atacadista","status":"publish","type":"post","link":"https:\/\/www.portalalerta.com.br\/index.php\/2019\/12\/13\/operacao-prende-tres-pessoas-por-sonegacao-de-r-22-milhoes-no-setor-atacadista\/","title":{"rendered":"Opera\u00e7\u00e3o prende tr\u00eas pessoas por sonega\u00e7\u00e3o de R$ 22 milh\u00f5es no setor atacadista, em Tucano-BA"},"content":{"rendered":"<p style=\"text-align: justify;\">Tr\u00eas mandados de pris\u00e3o e nove de busca e apreens\u00e3o foram cumpridos na manh\u00e3 desta sexta-feira,\u00a013, contra um grupo que causou um preju\u00edzo de mais de R$ 22 milh\u00f5es aos cofres p\u00fablicos com sonega\u00e7\u00e3o de impostos. Segundo o Minist\u00e9rio P\u00fablico da Bahia (MP-BA), foram presos os empres\u00e1rios Jos\u00e9 Iranildo Andrade dos Santos e Rita de C\u00e1ssia Rodrigues Souza e o \u201ctesta de ferro\u201d Jos\u00e9 Maur\u00edcio Soares e aprendidos documentos, computadores e quatro carros de luxo.<!--more--><\/p>\n<p style=\"text-align: justify;\">Denominada \u201cOpera\u00e7\u00e3o Sem Fronteira\u201d, a a\u00e7\u00e3o foi deflagrada por uma for\u00e7a-tarefa formada pelo MP\u00a0e pelas secretarias estaduais da Fazenda (Sefaz) e da Seguran\u00e7a P\u00fablica (SSP). Os alvos s\u00e3o empresas que atuavam em um esquema de sonega\u00e7\u00e3o no setor atacadista de alimentos operado a partir do munic\u00edpio de Tucano, no Nordeste da Bahia. Os mandados, expedidos pela Vara Criminal Especializada da Comarca de Tucano, foram cumpridos na cidade do interior\u00a0e em Salvador.<\/p>\n<p style=\"text-align: justify;\">Uma investiga\u00e7\u00e3o promovida pela for\u00e7a-tarefa constatou um grande volume de sonega\u00e7\u00e3o fiscal pelas empresas envolvidas na fraude, al\u00e9m da utiliza\u00e7\u00e3o de \u201cpessoas laranjas\u201d nos seus quadros societ\u00e1rios e de notas fiscais falsas, denominadas pelo grupo criminoso como \u201cnotas tabajara\u201d, que eram utilizadas para burlar a fiscaliza\u00e7\u00e3o e acobertar o tr\u00e2nsito de mercadorias realizado por meio de mais de 30 caminh\u00f5es de propriedade do grupo fraudador ou de familiares.<\/p>\n<p style=\"text-align: justify;\"><strong><img fetchpriority=\"high\" decoding=\"async\" class=\"size-thumbnail wp-image-20354 aligncenter\" src=\"https:\/\/www.portalalerta.com.br\/wp-content\/uploads\/2019\/12\/Real-Natal-2019-720x222.jpeg\" alt=\"\" width=\"720\" height=\"222\" \/>Empresas<\/strong><\/p>\n<p style=\"text-align: justify;\">As empresas sonegadoras s\u00e3o: Jos\u00e9 Iranildo Andrade dos Santos ME, Jos\u00e9 Maur\u00edcio Soares ME, M\u00e1rio S\u00e9rgio de Jesus ME, M Soares de Andrade ME, Comercial de Alimentos Andrade Eireli, Rita de C\u00e1ssia Rodrigues Souza ME, Maria Ivanildes Andrade dos Santos Bacelar ME e Maria Ivonete Andrade dos Santos ME.<\/p>\n<figure id=\"attachment_20461\" aria-describedby=\"caption-attachment-20461\" style=\"width: 720px\" class=\"wp-caption aligncenter\"><img decoding=\"async\" class=\"wp-image-20461 size-full\" src=\"https:\/\/www.portalalerta.com.br\/wp-content\/uploads\/2019\/12\/Sonega\u00e7\u00e3o-Fiscal-em-Tucano-2019.1.jpg\" alt=\"\" width=\"720\" height=\"451\" srcset=\"https:\/\/www.portalalerta.com.br\/wp-content\/uploads\/2019\/12\/Sonega\u00e7\u00e3o-Fiscal-em-Tucano-2019.1.jpg 720w, https:\/\/www.portalalerta.com.br\/wp-content\/uploads\/2019\/12\/Sonega\u00e7\u00e3o-Fiscal-em-Tucano-2019.1-383x240.jpg 383w, https:\/\/www.portalalerta.com.br\/wp-content\/uploads\/2019\/12\/Sonega\u00e7\u00e3o-Fiscal-em-Tucano-2019.1-233x146.jpg 233w, https:\/\/www.portalalerta.com.br\/wp-content\/uploads\/2019\/12\/Sonega\u00e7\u00e3o-Fiscal-em-Tucano-2019.1-50x31.jpg 50w, https:\/\/www.portalalerta.com.br\/wp-content\/uploads\/2019\/12\/Sonega\u00e7\u00e3o-Fiscal-em-Tucano-2019.1-120x75.jpg 120w\" sizes=\"(max-width: 720px) 100vw, 720px\" \/><figcaption id=\"caption-attachment-20461\" class=\"wp-caption-text\">Um dos ve\u00edculos apreendidos na Opera\u00e7\u00e3o<\/figcaption><\/figure>\n<p style=\"text-align: justify;\">Ao praticar os crimes de sonega\u00e7\u00e3o fiscal, lavagem de dinheiro e associa\u00e7\u00e3o criminosa, o grupo respons\u00e1vel pelas fraudes lesou as finan\u00e7as estaduais, desestabilizou o mercado a partir da pr\u00e1tica de concorr\u00eancia desleal e acumulou patrim\u00f4nio de forma irregular.<\/p>\n<figure id=\"attachment_20462\" aria-describedby=\"caption-attachment-20462\" style=\"width: 720px\" class=\"wp-caption aligncenter\"><img decoding=\"async\" class=\"wp-image-20462 size-full\" src=\"https:\/\/www.portalalerta.com.br\/wp-content\/uploads\/2019\/12\/Sonega\u00e7\u00e3o-Fiscal-em-Tucano-2019.2.jpg\" alt=\"\" width=\"720\" height=\"451\" srcset=\"https:\/\/www.portalalerta.com.br\/wp-content\/uploads\/2019\/12\/Sonega\u00e7\u00e3o-Fiscal-em-Tucano-2019.2.jpg 720w, https:\/\/www.portalalerta.com.br\/wp-content\/uploads\/2019\/12\/Sonega\u00e7\u00e3o-Fiscal-em-Tucano-2019.2-383x240.jpg 383w, https:\/\/www.portalalerta.com.br\/wp-content\/uploads\/2019\/12\/Sonega\u00e7\u00e3o-Fiscal-em-Tucano-2019.2-233x146.jpg 233w, https:\/\/www.portalalerta.com.br\/wp-content\/uploads\/2019\/12\/Sonega\u00e7\u00e3o-Fiscal-em-Tucano-2019.2-50x31.jpg 50w, https:\/\/www.portalalerta.com.br\/wp-content\/uploads\/2019\/12\/Sonega\u00e7\u00e3o-Fiscal-em-Tucano-2019.2-120x75.jpg 120w\" sizes=\"(max-width: 720px) 100vw, 720px\" \/><figcaption id=\"caption-attachment-20462\" class=\"wp-caption-text\">Um dos ve\u00edculos apreendidos na Opera\u00e7\u00e3o<\/figcaption><\/figure>\n<p style=\"text-align: justify;\">O preju\u00edzo ao fisco foi calculado com base nas opera\u00e7\u00f5es registradas pelos sistemas da Sefaz, motivo pelo qual o montante real, em fun\u00e7\u00e3o da natureza das fraudes cometidas, pode ter sido bem maior. Al\u00e9m disso, as opera\u00e7\u00f5es do grupo ocorriam sem a emiss\u00e3o do documento fiscal e fora do controle eletr\u00f4nico da fiscaliza\u00e7\u00e3o.<\/p>\n<figure id=\"attachment_20463\" aria-describedby=\"caption-attachment-20463\" style=\"width: 720px\" class=\"wp-caption aligncenter\"><img loading=\"lazy\" decoding=\"async\" class=\"wp-image-20463 size-full\" src=\"https:\/\/www.portalalerta.com.br\/wp-content\/uploads\/2019\/12\/Sonega\u00e7\u00e3o-Fiscal-em-Tucano-2019.3.jpg\" alt=\"\" width=\"720\" height=\"451\" srcset=\"https:\/\/www.portalalerta.com.br\/wp-content\/uploads\/2019\/12\/Sonega\u00e7\u00e3o-Fiscal-em-Tucano-2019.3.jpg 720w, https:\/\/www.portalalerta.com.br\/wp-content\/uploads\/2019\/12\/Sonega\u00e7\u00e3o-Fiscal-em-Tucano-2019.3-383x240.jpg 383w, https:\/\/www.portalalerta.com.br\/wp-content\/uploads\/2019\/12\/Sonega\u00e7\u00e3o-Fiscal-em-Tucano-2019.3-233x146.jpg 233w, https:\/\/www.portalalerta.com.br\/wp-content\/uploads\/2019\/12\/Sonega\u00e7\u00e3o-Fiscal-em-Tucano-2019.3-50x31.jpg 50w, https:\/\/www.portalalerta.com.br\/wp-content\/uploads\/2019\/12\/Sonega\u00e7\u00e3o-Fiscal-em-Tucano-2019.3-120x75.jpg 120w\" sizes=\"(max-width: 720px) 100vw, 720px\" \/><figcaption id=\"caption-attachment-20463\" class=\"wp-caption-text\">Um dos ve\u00edculos apreendidos na Opera\u00e7\u00e3o<\/figcaption><\/figure>\n<p style=\"text-align: justify;\">Parte da estrat\u00e9gia de combate \u00e0 sonega\u00e7\u00e3o fiscal promovida pelo Comit\u00ea Interinstitucional de Recupera\u00e7\u00e3o de Ativos (Cira), a for\u00e7a-tarefa re\u00fane o Grupo de Atua\u00e7\u00e3o Especial de Combate \u00e0 Sonega\u00e7\u00e3o Fiscal (Gaesf) do Minist\u00e9rio P\u00fablico, a Inspetoria de Investiga\u00e7\u00e3o e Pesquisa Fazend\u00e1ria (Infip) da Sefaz-Ba, e a Delegacia de Crimes Econ\u00f4micos e Contra a Administra\u00e7\u00e3o P\u00fablica (Dececap), vinculada ao Departamento de Repress\u00e3o e Combate ao Crime Organizado (Draco), da SSP.<\/p>\n<p style=\"text-align: justify;\"><em>Fonte: A Tarde<\/em><\/p>\n","protected":false},"excerpt":{"rendered":"<p>Tr\u00eas mandados de pris\u00e3o e nove de busca e apreens\u00e3o foram cumpridos na manh\u00e3 desta sexta-feira,\u00a013, contra um grupo que causou um preju\u00edzo de mais de R$ 22 milh\u00f5es aos cofres p\u00fablicos com sonega\u00e7\u00e3o de impostos. Segundo o Minist\u00e9rio P\u00fablico da Bahia (MP-BA), foram presos os empres\u00e1rios Jos\u00e9 Iranildo Andrade dos Santos e Rita de &hellip;<\/p>\n","protected":false},"author":2,"featured_media":20464,"comment_status":"open","ping_status":"open","sticky":false,"template":"","format":"standard","meta":{"om_disable_all_campaigns":false,"_monsterinsights_skip_tracking":false,"_monsterinsights_sitenote_active":false,"_monsterinsights_sitenote_note":"","_monsterinsights_sitenote_category":0,"footnotes":""},"categories":[70,69,32,22,12],"tags":[54,3275,842,352,3273,122,110,3274,3272,256,190],"class_list":["post-20460","post","type-post","status-publish","format-standard","has-post-thumbnail","hentry","category-destaques","category-noticias2","category-regiao","category-seguranca","category-tucano","tag-bahia","tag-dececap","tag-draco","tag-ministerio-publico","tag-operacao-sem-fronteiras","tag-policia-civil","tag-presos","tag-sefaz","tag-sonegacao-fiscal","tag-ssp","tag-tucano"],"aioseo_notices":[],"_links":{"self":[{"href":"https:\/\/www.portalalerta.com.br\/index.php\/wp-json\/wp\/v2\/posts\/20460","targetHints":{"allow":["GET"]}}],"collection":[{"href":"https:\/\/www.portalalerta.com.br\/index.php\/wp-json\/wp\/v2\/posts"}],"about":[{"href":"https:\/\/www.portalalerta.com.br\/index.php\/wp-json\/wp\/v2\/types\/post"}],"author":[{"embeddable":true,"href":"https:\/\/www.portalalerta.com.br\/index.php\/wp-json\/wp\/v2\/users\/2"}],"replies":[{"embeddable":true,"href":"https:\/\/www.portalalerta.com.br\/index.php\/wp-json\/wp\/v2\/comments?post=20460"}],"version-history":[{"count":2,"href":"https:\/\/www.portalalerta.com.br\/index.php\/wp-json\/wp\/v2\/posts\/20460\/revisions"}],"predecessor-version":[{"id":20466,"href":"https:\/\/www.portalalerta.com.br\/index.php\/wp-json\/wp\/v2\/posts\/20460\/revisions\/20466"}],"wp:featuredmedia":[{"embeddable":true,"href":"https:\/\/www.portalalerta.com.br\/index.php\/wp-json\/wp\/v2\/media\/20464"}],"wp:attachment":[{"href":"https:\/\/www.portalalerta.com.br\/index.php\/wp-json\/wp\/v2\/media?parent=20460"}],"wp:term":[{"taxonomy":"category","embeddable":true,"href":"https:\/\/www.portalalerta.com.br\/index.php\/wp-json\/wp\/v2\/categories?post=20460"},{"taxonomy":"post_tag","embeddable":true,"href":"https:\/\/www.portalalerta.com.br\/index.php\/wp-json\/wp\/v2\/tags?post=20460"}],"curies":[{"name":"wp","href":"https:\/\/api.w.org\/{rel}","templated":true}]}}