{"id":20472,"date":"2019-12-16T13:36:14","date_gmt":"2019-12-16T16:36:14","guid":{"rendered":"https:\/\/www.portalalerta.com.br\/?p=20472"},"modified":"2019-12-16T14:20:33","modified_gmt":"2019-12-16T17:20:33","slug":"homem-ateia-fogo-no-proprio-veiculo-apos-apreensao-em-blitz-em-ribeira-do-pombal-ba","status":"publish","type":"post","link":"https:\/\/www.portalalerta.com.br\/index.php\/2019\/12\/16\/homem-ateia-fogo-no-proprio-veiculo-apos-apreensao-em-blitz-em-ribeira-do-pombal-ba\/","title":{"rendered":"Homem ateia fogo no pr\u00f3prio ve\u00edculo, ap\u00f3s apreens\u00e3o em Blitz, em Ribeira do Pombal-BA"},"content":{"rendered":"<p style=\"text-align: justify;\">No \u00faltimo s\u00e1bado, 14, um homem cuja identidade n\u00e3o foi divulgada, ateou fogo na pr\u00f3pria motocicleta de marca Yamaha, modelo n\u00e3o informado, em Ribeira do Pombal-BA.<!--more--><\/p>\n<p style=\"text-align: justify;\"><img fetchpriority=\"high\" decoding=\"async\" class=\"size-full wp-image-2902 alignleft\" src=\"https:\/\/www.portalalerta.com.br\/wp-content\/uploads\/2017\/11\/elab-2.jpg\" alt=\"\" width=\"310\" height=\"200\" srcset=\"https:\/\/www.portalalerta.com.br\/wp-content\/uploads\/2017\/11\/elab-2.jpg 310w, https:\/\/www.portalalerta.com.br\/wp-content\/uploads\/2017\/11\/elab-2-226x146.jpg 226w, https:\/\/www.portalalerta.com.br\/wp-content\/uploads\/2017\/11\/elab-2-50x32.jpg 50w, https:\/\/www.portalalerta.com.br\/wp-content\/uploads\/2017\/11\/elab-2-116x75.jpg 116w\" sizes=\"(max-width: 310px) 100vw, 310px\" \/>De acordo com informa\u00e7\u00f5es preliminares, o rapaz conduzia sua motocicleta pela BR 110, quando foi abordado por agentes da Pol\u00edcia Rodovi\u00e1ria Federal, que apreenderam o ve\u00edculo por est\u00e1 com seu licenciamento atrasado.<\/p>\n<p style=\"text-align: justify;\">Inconformado, o condutor deixou o local e se dirigiu at\u00e9 um Posto de Combust\u00edveis, onde adquiriu gasolina, retornando imediatamente at\u00e9 o Posto da PRF, onde a motocicleta tinha sido deixada, e num ato inusitado ateou fogo no ve\u00edculo.<\/p>\n<p style=\"text-align: justify;\">Os agentes Federais interferiram na a\u00e7\u00e3o, prendendo o rapaz, por\u00e9m n\u00e3o conseguiram evitar a destrui\u00e7\u00e3o do ve\u00edculo, conforme <strong>v\u00eddeo abaixo<\/strong>. Posteriormente, o propriet\u00e1rio da motocicleta foi conduzido para a 1\u00aa Delegacia de Pol\u00edcia Civil de Euclides da Cunha-BA, onde foi apresentado para a ado\u00e7\u00e3o das medidas cab\u00edveis.<\/p>\n<div style=\"width: 854px;\" class=\"wp-video\"><!--[if lt IE 9]><script>document.createElement('video');<\/script><![endif]-->\n<video class=\"wp-video-shortcode\" id=\"video-20472-1\" width=\"854\" height=\"480\" preload=\"metadata\" controls=\"controls\"><source type=\"video\/mp4\" src=\"https:\/\/www.portalalerta.com.br\/wp-content\/uploads\/2019\/12\/Homem-ateia-fogo-no-pr\u00f3prio-ve\u00edculo-em-Ribeira-do-Pombal-2019.mp4?_=1\" \/><a href=\"https:\/\/www.portalalerta.com.br\/wp-content\/uploads\/2019\/12\/Homem-ateia-fogo-no-pr\u00f3prio-ve\u00edculo-em-Ribeira-do-Pombal-2019.mp4\">https:\/\/www.portalalerta.com.br\/wp-content\/uploads\/2019\/12\/Homem-ateia-fogo-no-pr\u00f3prio-ve\u00edculo-em-Ribeira-do-Pombal-2019.mp4<\/a><\/video><\/div>\n<p style=\"text-align: justify;\"><em>Reda\u00e7\u00e3o: Portal Alerta \u00a0 <\/em><\/p>\n","protected":false},"excerpt":{"rendered":"<p>No \u00faltimo s\u00e1bado, 14, um homem cuja identidade n\u00e3o foi divulgada, ateou fogo na pr\u00f3pria motocicleta de marca Yamaha, modelo n\u00e3o informado, em Ribeira do Pombal-BA.<\/p>\n","protected":false},"author":2,"featured_media":20474,"comment_status":"open","ping_status":"open","sticky":false,"template":"","format":"standard","meta":{"om_disable_all_campaigns":false,"_monsterinsights_skip_tracking":false,"_monsterinsights_sitenote_active":false,"_monsterinsights_sitenote_note":"","_monsterinsights_sitenote_category":0,"footnotes":""},"categories":[70,69,32,3,22,68],"tags":[143,77,149,47,2955,29],"class_list":["post-20472","post","type-post","status-publish","format-standard","has-post-thumbnail","hentry","category-destaques","category-noticias2","category-regiao","category-ribeira-do-pombal","category-seguranca","category-videos","tag-apreensao","tag-preso","tag-prf","tag-ribeira-do-pombal","tag-veiculo-incendiado","tag-video"],"aioseo_notices":[],"_links":{"self":[{"href":"https:\/\/www.portalalerta.com.br\/index.php\/wp-json\/wp\/v2\/posts\/20472","targetHints":{"allow":["GET"]}}],"collection":[{"href":"https:\/\/www.portalalerta.com.br\/index.php\/wp-json\/wp\/v2\/posts"}],"about":[{"href":"https:\/\/www.portalalerta.com.br\/index.php\/wp-json\/wp\/v2\/types\/post"}],"author":[{"embeddable":true,"href":"https:\/\/www.portalalerta.com.br\/index.php\/wp-json\/wp\/v2\/users\/2"}],"replies":[{"embeddable":true,"href":"https:\/\/www.portalalerta.com.br\/index.php\/wp-json\/wp\/v2\/comments?post=20472"}],"version-history":[{"count":3,"href":"https:\/\/www.portalalerta.com.br\/index.php\/wp-json\/wp\/v2\/posts\/20472\/revisions"}],"predecessor-version":[{"id":20481,"href":"https:\/\/www.portalalerta.com.br\/index.php\/wp-json\/wp\/v2\/posts\/20472\/revisions\/20481"}],"wp:featuredmedia":[{"embeddable":true,"href":"https:\/\/www.portalalerta.com.br\/index.php\/wp-json\/wp\/v2\/media\/20474"}],"wp:attachment":[{"href":"https:\/\/www.portalalerta.com.br\/index.php\/wp-json\/wp\/v2\/media?parent=20472"}],"wp:term":[{"taxonomy":"category","embeddable":true,"href":"https:\/\/www.portalalerta.com.br\/index.php\/wp-json\/wp\/v2\/categories?post=20472"},{"taxonomy":"post_tag","embeddable":true,"href":"https:\/\/www.portalalerta.com.br\/index.php\/wp-json\/wp\/v2\/tags?post=20472"}],"curies":[{"name":"wp","href":"https:\/\/api.w.org\/{rel}","templated":true}]}}