{"id":20486,"date":"2019-12-16T17:53:02","date_gmt":"2019-12-16T20:53:02","guid":{"rendered":"https:\/\/www.portalalerta.com.br\/?p=20486"},"modified":"2019-12-16T17:53:02","modified_gmt":"2019-12-16T20:53:02","slug":"desembargador-nega-habeas-corpus-a-presa-na-operacao-sem-fronteiras","status":"publish","type":"post","link":"https:\/\/www.portalalerta.com.br\/index.php\/2019\/12\/16\/desembargador-nega-habeas-corpus-a-presa-na-operacao-sem-fronteiras\/","title":{"rendered":"Desembargador nega Habeas Corpus \u00e0 presa na Opera\u00e7\u00e3o Sem Fronteiras"},"content":{"rendered":"<p style=\"text-align: justify;\">Ap\u00f3s a pris\u00e3o de tr\u00eas envolvidos em sonega\u00e7\u00e3o de impostos em uma opera\u00e7\u00e3o que cumpriu tamb\u00e9m nove mandados de busca e apreens\u00e3o na cidade de Tucano (<a href=\"https:\/\/www.portalalerta.com.br\/index.php\/2019\/12\/13\/operacao-prende-tres-pessoas-por-sonegacao-de-r-22-milhoes-no-setor-atacadista\/\"><strong>relembre aqui<\/strong><\/a>), Rita de C\u00e1ssia Rodrigues Souza teve habeas corpus negado no s\u00e1bado (14).\u00a0\u00a0A an\u00e1lise feita no plant\u00e3o judici\u00e1rio pelo Desembargador Julio Cezar Lemos Travessa, indeferiu o pedido pois &#8220;n\u00e3o se vislumbra presente nem mesmo a fuma\u00e7a do bom direito&#8221;.<!--more--><\/p>\n<p style=\"text-align: justify;\"><img fetchpriority=\"high\" decoding=\"async\" class=\"size-full wp-image-19576 aligncenter\" src=\"https:\/\/www.portalalerta.com.br\/wp-content\/uploads\/2019\/09\/Amei-Cosm\u00e9ticos.jpeg\" alt=\"\" width=\"600\" height=\"150\" srcset=\"https:\/\/www.portalalerta.com.br\/wp-content\/uploads\/2019\/09\/Amei-Cosm\u00e9ticos.jpeg 600w, https:\/\/www.portalalerta.com.br\/wp-content\/uploads\/2019\/09\/Amei-Cosm\u00e9ticos-260x65.jpeg 260w, https:\/\/www.portalalerta.com.br\/wp-content\/uploads\/2019\/09\/Amei-Cosm\u00e9ticos-50x13.jpeg 50w, https:\/\/www.portalalerta.com.br\/wp-content\/uploads\/2019\/09\/Amei-Cosm\u00e9ticos-150x38.jpeg 150w\" sizes=\"(max-width: 600px) 100vw, 600px\" \/>Lemos baseou sua decis\u00e3o no entendimento de que o crime de associa\u00e7\u00e3o criminosa (art. 288 do CPB, antigamente denominado de quadrilha ou bando) ser\u00a0um daqueles que admitem a pris\u00e3o tempor\u00e1ria. E ressaltou a &#8220;necessidade da medida para fins de elucida\u00e7\u00e3o dos fatos, especialmente do cumprimento da cautelar de busca e apreens\u00e3o determinada&#8221;.<\/p>\n<p style=\"text-align: justify;\">O pedido tamb\u00e9m se baseou na necessidade de Rita de C\u00e1ssia Rodrigues cuidar de seu filho que possui problemas comportamentais de transtorno de d\u00e9ficit de aten\u00e7\u00e3o\/hiperatividade. Por\u00e9m, para o julgador, &#8220;n\u00e3o foi juntado nenhum documento que revele ser a paciente imprescind\u00edvel aos cuidados da crian\u00e7a&#8221;, diz a decis\u00e3o.<\/p>\n<p style=\"text-align: justify;\"><em>Fonte: Joilson Costa<\/em><\/p>\n<p style=\"text-align: justify;\"><em>Com informa\u00e7\u00f5es: Bahia Not\u00edcias <\/em><\/p>\n","protected":false},"excerpt":{"rendered":"<p>Ap\u00f3s a pris\u00e3o de tr\u00eas envolvidos em sonega\u00e7\u00e3o de impostos em uma opera\u00e7\u00e3o que cumpriu tamb\u00e9m nove mandados de busca e apreens\u00e3o na cidade de Tucano (relembre aqui), Rita de C\u00e1ssia Rodrigues Souza teve habeas corpus negado no s\u00e1bado (14).\u00a0\u00a0A an\u00e1lise feita no plant\u00e3o judici\u00e1rio pelo Desembargador Julio Cezar Lemos Travessa, indeferiu o pedido pois &hellip;<\/p>\n","protected":false},"author":2,"featured_media":20464,"comment_status":"open","ping_status":"open","sticky":false,"template":"","format":"standard","meta":{"om_disable_all_campaigns":false,"_monsterinsights_skip_tracking":false,"_monsterinsights_sitenote_active":false,"_monsterinsights_sitenote_note":"","_monsterinsights_sitenote_category":0,"footnotes":""},"categories":[70,69,32,22,12],"tags":[718,110,3272,622,190],"class_list":["post-20486","post","type-post","status-publish","format-standard","has-post-thumbnail","hentry","category-destaques","category-noticias2","category-regiao","category-seguranca","category-tucano","tag-habeas-corpus","tag-presos","tag-sonegacao-fiscal","tag-tj-ba","tag-tucano"],"aioseo_notices":[],"_links":{"self":[{"href":"https:\/\/www.portalalerta.com.br\/index.php\/wp-json\/wp\/v2\/posts\/20486","targetHints":{"allow":["GET"]}}],"collection":[{"href":"https:\/\/www.portalalerta.com.br\/index.php\/wp-json\/wp\/v2\/posts"}],"about":[{"href":"https:\/\/www.portalalerta.com.br\/index.php\/wp-json\/wp\/v2\/types\/post"}],"author":[{"embeddable":true,"href":"https:\/\/www.portalalerta.com.br\/index.php\/wp-json\/wp\/v2\/users\/2"}],"replies":[{"embeddable":true,"href":"https:\/\/www.portalalerta.com.br\/index.php\/wp-json\/wp\/v2\/comments?post=20486"}],"version-history":[{"count":1,"href":"https:\/\/www.portalalerta.com.br\/index.php\/wp-json\/wp\/v2\/posts\/20486\/revisions"}],"predecessor-version":[{"id":20487,"href":"https:\/\/www.portalalerta.com.br\/index.php\/wp-json\/wp\/v2\/posts\/20486\/revisions\/20487"}],"wp:featuredmedia":[{"embeddable":true,"href":"https:\/\/www.portalalerta.com.br\/index.php\/wp-json\/wp\/v2\/media\/20464"}],"wp:attachment":[{"href":"https:\/\/www.portalalerta.com.br\/index.php\/wp-json\/wp\/v2\/media?parent=20486"}],"wp:term":[{"taxonomy":"category","embeddable":true,"href":"https:\/\/www.portalalerta.com.br\/index.php\/wp-json\/wp\/v2\/categories?post=20486"},{"taxonomy":"post_tag","embeddable":true,"href":"https:\/\/www.portalalerta.com.br\/index.php\/wp-json\/wp\/v2\/tags?post=20486"}],"curies":[{"name":"wp","href":"https:\/\/api.w.org\/{rel}","templated":true}]}}