{"id":20488,"date":"2019-12-16T18:20:50","date_gmt":"2019-12-16T21:20:50","guid":{"rendered":"https:\/\/www.portalalerta.com.br\/?p=20488"},"modified":"2019-12-16T18:20:50","modified_gmt":"2019-12-16T21:20:50","slug":"julgamento-de-pedro-mel-e-das-contas-de-ze-grilo-deverao-ficar-para-2020-em-ribeira-do-pombal-ba","status":"publish","type":"post","link":"https:\/\/www.portalalerta.com.br\/index.php\/2019\/12\/16\/julgamento-de-pedro-mel-e-das-contas-de-ze-grilo-deverao-ficar-para-2020-em-ribeira-do-pombal-ba\/","title":{"rendered":"Julgamento de Pedro Mel, e das contas de Z\u00e9 Grilo, dever\u00e3o ficar para 2020, em Ribeira do Pombal-BA"},"content":{"rendered":"<p style=\"text-align: justify;\">Nesta segunda feira, 16 de dezembro 2019, a C\u00e2mara de Vereadores de Ribeira do Pombal-BA realizar\u00e1 a \u00faltima sess\u00e3o ordin\u00e1ria antes do recesso legislativo. Mais de uma dezena de projetos ser\u00e3o votados, incluindo a Lei Or\u00e7ament\u00e1ria Anual. Ap\u00f3s a Sess\u00e3o Ordin\u00e1ria, haver\u00e1 uma Sess\u00e3o Especial para entrega de T\u00edtulos de Cidad\u00e3o Pombalense e Mo\u00e7\u00f5es de Aplausos a Alunos, Professores e Coordenadores vencedores das olimp\u00edadas de l\u00edngua portuguesa, etapa municipal.<!--more--><\/p>\n<p style=\"text-align: justify;\"><img fetchpriority=\"high\" decoding=\"async\" class=\"size-full wp-image-2902 alignleft\" src=\"https:\/\/www.portalalerta.com.br\/wp-content\/uploads\/2017\/11\/elab-2.jpg\" alt=\"\" width=\"310\" height=\"200\" srcset=\"https:\/\/www.portalalerta.com.br\/wp-content\/uploads\/2017\/11\/elab-2.jpg 310w, https:\/\/www.portalalerta.com.br\/wp-content\/uploads\/2017\/11\/elab-2-226x146.jpg 226w, https:\/\/www.portalalerta.com.br\/wp-content\/uploads\/2017\/11\/elab-2-50x32.jpg 50w, https:\/\/www.portalalerta.com.br\/wp-content\/uploads\/2017\/11\/elab-2-116x75.jpg 116w\" sizes=\"(max-width: 310px) 100vw, 310px\" \/>omo esta ser\u00e1 a \u00faltima sess\u00e3o do ano, n\u00e3o haver\u00e1 tempo h\u00e1bil para julgamento das contas de Z\u00e9 Grilo (2012), rejeitadas pelo TCM, Ricardo Maia (2016\/2017), aprovadas pelo TCM, e das tr\u00eas representa\u00e7\u00f5es contra Pedro Mel no Conselho de \u00c9tica e Plen\u00e1rio. Tudo ficar\u00e1 para fevereiro de 2020 no retorno do recesso legislativo, onde muitas discuss\u00f5es pol\u00edticas e legislativas devem pautar os vereadores, afinal \u00e9 ano de elei\u00e7\u00f5es municipais.<\/p>\n<p style=\"text-align: justify;\"><em>Fonte: Joilson Costa<\/em><\/p>\n<p style=\"text-align: justify;\">\n","protected":false},"excerpt":{"rendered":"<p>Nesta segunda feira, 16 de dezembro 2019, a C\u00e2mara de Vereadores de Ribeira do Pombal-BA realizar\u00e1 a \u00faltima sess\u00e3o ordin\u00e1ria antes do recesso legislativo. Mais de uma dezena de projetos ser\u00e3o votados, incluindo a Lei Or\u00e7ament\u00e1ria Anual. Ap\u00f3s a Sess\u00e3o Ordin\u00e1ria, haver\u00e1 uma Sess\u00e3o Especial para entrega de T\u00edtulos de Cidad\u00e3o Pombalense e Mo\u00e7\u00f5es de &hellip;<\/p>\n","protected":false},"author":2,"featured_media":20489,"comment_status":"open","ping_status":"open","sticky":false,"template":"","format":"standard","meta":{"om_disable_all_campaigns":false,"_monsterinsights_skip_tracking":false,"_monsterinsights_sitenote_active":false,"_monsterinsights_sitenote_note":"","_monsterinsights_sitenote_category":0,"footnotes":""},"categories":[70,69,21,32,3],"tags":[211,134,783,2889,47,80,3259],"class_list":["post-20488","post","type-post","status-publish","format-standard","has-post-thumbnail","hentry","category-destaques","category-noticias2","category-politica","category-regiao","category-ribeira-do-pombal","tag-camara-de-vereadores","tag-ex-prefeito","tag-pedro-mel","tag-recesso","tag-ribeira-do-pombal","tag-vereador","tag-ze-grilo"],"aioseo_notices":[],"_links":{"self":[{"href":"https:\/\/www.portalalerta.com.br\/index.php\/wp-json\/wp\/v2\/posts\/20488","targetHints":{"allow":["GET"]}}],"collection":[{"href":"https:\/\/www.portalalerta.com.br\/index.php\/wp-json\/wp\/v2\/posts"}],"about":[{"href":"https:\/\/www.portalalerta.com.br\/index.php\/wp-json\/wp\/v2\/types\/post"}],"author":[{"embeddable":true,"href":"https:\/\/www.portalalerta.com.br\/index.php\/wp-json\/wp\/v2\/users\/2"}],"replies":[{"embeddable":true,"href":"https:\/\/www.portalalerta.com.br\/index.php\/wp-json\/wp\/v2\/comments?post=20488"}],"version-history":[{"count":1,"href":"https:\/\/www.portalalerta.com.br\/index.php\/wp-json\/wp\/v2\/posts\/20488\/revisions"}],"predecessor-version":[{"id":20490,"href":"https:\/\/www.portalalerta.com.br\/index.php\/wp-json\/wp\/v2\/posts\/20488\/revisions\/20490"}],"wp:featuredmedia":[{"embeddable":true,"href":"https:\/\/www.portalalerta.com.br\/index.php\/wp-json\/wp\/v2\/media\/20489"}],"wp:attachment":[{"href":"https:\/\/www.portalalerta.com.br\/index.php\/wp-json\/wp\/v2\/media?parent=20488"}],"wp:term":[{"taxonomy":"category","embeddable":true,"href":"https:\/\/www.portalalerta.com.br\/index.php\/wp-json\/wp\/v2\/categories?post=20488"},{"taxonomy":"post_tag","embeddable":true,"href":"https:\/\/www.portalalerta.com.br\/index.php\/wp-json\/wp\/v2\/tags?post=20488"}],"curies":[{"name":"wp","href":"https:\/\/api.w.org\/{rel}","templated":true}]}}