{"id":20494,"date":"2019-12-16T19:19:59","date_gmt":"2019-12-16T22:19:59","guid":{"rendered":"https:\/\/www.portalalerta.com.br\/?p=20494"},"modified":"2019-12-16T19:19:59","modified_gmt":"2019-12-16T22:19:59","slug":"representante-da-2a-retran-ribeira-do-pombal-ba-emite-nota-para-esclarecer-episodio-da-compra-de-laudos","status":"publish","type":"post","link":"https:\/\/www.portalalerta.com.br\/index.php\/2019\/12\/16\/representante-da-2a-retran-ribeira-do-pombal-ba-emite-nota-para-esclarecer-episodio-da-compra-de-laudos\/","title":{"rendered":"Representante da 2\u00aa RETRAN\/ Ribeira do Pombal-BA emite nota para esclarecer epis\u00f3dio da compra de laudos"},"content":{"rendered":"<p style=\"text-align: justify;\">Na manh\u00e3 da \u00faltima quarta-feira, 11, usu\u00e1rios do servi\u00e7o do DETRAN, mais precisamente da 2\u00aa RETRAN-Ribeira do Pombal, foram surpreendidos por uma Auditoria realizada na sede do \u00f3rg\u00e3o.<!--more--><\/p>\n<p style=\"text-align: justify;\">A Auditoria tem como finalidade apurar o que de fato aconteceu com a compra desses laudos, que de acordo com diversos usu\u00e1rios, foram pagos, por\u00e9m tais pagamentos n\u00e3o constam no Sistema do DETRAN-BA, impossibilitando no andamento nos processos de aquisi\u00e7\u00e3o ou renova\u00e7\u00e3o de Carteiras Nacional de Habilita\u00e7\u00e3o (CNH). Em declara\u00e7\u00e3o ao PORTAL ALERTA, um dos contribuintes, identificado como Oliroval Santos Moreira Junior, afirmou que a suspeita inicial \u00e9 de que possa ter havido uma falha no Sistema, ou uma poss\u00edvel fraude praticada por algum servidor.<\/p>\n<p style=\"text-align: justify;\"><strong><img fetchpriority=\"high\" decoding=\"async\" class=\"size-full wp-image-19576 aligncenter\" src=\"https:\/\/www.portalalerta.com.br\/wp-content\/uploads\/2019\/09\/Amei-Cosm\u00e9ticos.jpeg\" alt=\"\" width=\"600\" height=\"150\" srcset=\"https:\/\/www.portalalerta.com.br\/wp-content\/uploads\/2019\/09\/Amei-Cosm\u00e9ticos.jpeg 600w, https:\/\/www.portalalerta.com.br\/wp-content\/uploads\/2019\/09\/Amei-Cosm\u00e9ticos-260x65.jpeg 260w, https:\/\/www.portalalerta.com.br\/wp-content\/uploads\/2019\/09\/Amei-Cosm\u00e9ticos-50x13.jpeg 50w, https:\/\/www.portalalerta.com.br\/wp-content\/uploads\/2019\/09\/Amei-Cosm\u00e9ticos-150x38.jpeg 150w\" sizes=\"(max-width: 600px) 100vw, 600px\" \/>Link Relacionado:<\/strong><\/p>\n<p style=\"text-align: justify;\"><a href=\"https:\/\/www.portalalerta.com.br\/index.php\/2019\/12\/12\/auditoria-investiga-irregularidades-na-compra-de-laudos-na-retran-de-ribeira-do-pombal-ba\/\"><strong>Auditoria investiga irregularidades na Compra de Laudos na RETRAN de Ribeira do Pombal-BA<\/strong><\/a><\/p>\n<p style=\"text-align: justify;\">Desde o dia da publica\u00e7\u00e3o da mat\u00e9ria, o PORTAL ALERTA tentou ouvir representantes do \u00f3rg\u00e3o, para conhecer a vers\u00e3o do mesmo sobre o assunto. J\u00e1 no final da noite de domingo, 15, a respons\u00e1vel pela RETRAN, Ur\u00e7ulina Alc\u00e2ntara de Souza, divulgou uma Nota de Esclarecimento. <strong>Confira:<\/strong><\/p>\n<p style=\"text-align: justify;\">\n<p style=\"text-align: justify;\"><strong><em>Nota de Esclarecimento<\/em><\/strong><\/p>\n<p style=\"text-align: justify;\">\n<p style=\"text-align: justify;\"><strong><em>A coordenadoria da Segunda Retran de Ribeira do Pombal representada pela Sra. Maria Ur\u00e7ulina Alc\u00e2ntara de Souza vem\u00a0 por meio nota esclarecer que\u00a0 fui surpreendida pelas reclama\u00e7\u00f5es efetuadas por usu\u00e1rios que utilizaram os servi\u00e7os oferecidos pelo \u00f3rg\u00e3o de tr\u00e2nsito e que assim que soube de tais reclama\u00e7\u00f5es levei o fato para as inst\u00e2ncias superiores, para ser mais precisa,\u00a0\u00a0\u00a0\u00a0 desloquei-me pessoalmente para a corregedoria do \u00f3rg\u00e3o em Salvador solicitando uma investiga\u00e7\u00e3o mais detalhada para apurar os fatos ocorridos e atribuir responsabiliza\u00e7\u00e3o para os eventuais\u00a0 culpados. A solicita\u00e7\u00e3o foi prontamente atendida por\u00a0 parte da reparti\u00e7\u00e3o que de imediato designou uma equipe que veio para nossa\u00a0 cidade para averiguar as ocorr\u00eancias.\u00a0 Esclare\u00e7o ainda, que houve o compromisso por parte da dire\u00e7\u00e3o do Detran que eventuais preju\u00edzos, originados por culpa dos colaboradores do referido instituto ser\u00e3o\u00a0 ressarcidos, portanto, n\u00e3o haver\u00e1 preju\u00edzo aos usu\u00e1rios do \u00f3rg\u00e3o. Informo ainda, que as investiga\u00e7\u00f5es ainda est\u00e3o em curso, mas que todos\u00a0 os\u00a0 fatos ser\u00e3o apurados\u00a0 e esclarecidos e que assim que forem conclu\u00eddos levarei\u00a0 ao conhecimento de toda popula\u00e7\u00e3o.<\/em><\/strong><\/p>\n<p style=\"text-align: justify;\">Reda\u00e7\u00e3o: Portal Alerta<\/p>\n","protected":false},"excerpt":{"rendered":"<p>Na manh\u00e3 da \u00faltima quarta-feira, 11, usu\u00e1rios do servi\u00e7o do DETRAN, mais precisamente da 2\u00aa RETRAN-Ribeira do Pombal, foram surpreendidos por uma Auditoria realizada na sede do \u00f3rg\u00e3o.<\/p>\n","protected":false},"author":2,"featured_media":20435,"comment_status":"open","ping_status":"open","sticky":false,"template":"","format":"standard","meta":{"om_disable_all_campaigns":false,"_monsterinsights_skip_tracking":false,"_monsterinsights_sitenote_active":false,"_monsterinsights_sitenote_note":"","_monsterinsights_sitenote_category":0,"footnotes":""},"categories":[70,69,32,3],"tags":[319,2190,970,2095,47],"class_list":["post-20494","post","type-post","status-publish","format-standard","has-post-thumbnail","hentry","category-destaques","category-noticias2","category-regiao","category-ribeira-do-pombal","tag-detran","tag-laudos","tag-nota-de-esclarecimento","tag-retran","tag-ribeira-do-pombal"],"aioseo_notices":[],"_links":{"self":[{"href":"https:\/\/www.portalalerta.com.br\/index.php\/wp-json\/wp\/v2\/posts\/20494","targetHints":{"allow":["GET"]}}],"collection":[{"href":"https:\/\/www.portalalerta.com.br\/index.php\/wp-json\/wp\/v2\/posts"}],"about":[{"href":"https:\/\/www.portalalerta.com.br\/index.php\/wp-json\/wp\/v2\/types\/post"}],"author":[{"embeddable":true,"href":"https:\/\/www.portalalerta.com.br\/index.php\/wp-json\/wp\/v2\/users\/2"}],"replies":[{"embeddable":true,"href":"https:\/\/www.portalalerta.com.br\/index.php\/wp-json\/wp\/v2\/comments?post=20494"}],"version-history":[{"count":1,"href":"https:\/\/www.portalalerta.com.br\/index.php\/wp-json\/wp\/v2\/posts\/20494\/revisions"}],"predecessor-version":[{"id":20495,"href":"https:\/\/www.portalalerta.com.br\/index.php\/wp-json\/wp\/v2\/posts\/20494\/revisions\/20495"}],"wp:featuredmedia":[{"embeddable":true,"href":"https:\/\/www.portalalerta.com.br\/index.php\/wp-json\/wp\/v2\/media\/20435"}],"wp:attachment":[{"href":"https:\/\/www.portalalerta.com.br\/index.php\/wp-json\/wp\/v2\/media?parent=20494"}],"wp:term":[{"taxonomy":"category","embeddable":true,"href":"https:\/\/www.portalalerta.com.br\/index.php\/wp-json\/wp\/v2\/categories?post=20494"},{"taxonomy":"post_tag","embeddable":true,"href":"https:\/\/www.portalalerta.com.br\/index.php\/wp-json\/wp\/v2\/tags?post=20494"}],"curies":[{"name":"wp","href":"https:\/\/api.w.org\/{rel}","templated":true}]}}