{"id":20496,"date":"2019-12-17T01:12:43","date_gmt":"2019-12-17T04:12:43","guid":{"rendered":"https:\/\/www.portalalerta.com.br\/?p=20496"},"modified":"2019-12-17T01:12:43","modified_gmt":"2019-12-17T04:12:43","slug":"homem-e-vitima-de-tentativa-de-homicidio-em-banzae-ba","status":"publish","type":"post","link":"https:\/\/www.portalalerta.com.br\/index.php\/2019\/12\/17\/homem-e-vitima-de-tentativa-de-homicidio-em-banzae-ba\/","title":{"rendered":"Homem \u00e9 v\u00edtima de tentativa de homic\u00eddio em Banza\u00ea-BA"},"content":{"rendered":"<p style=\"text-align: justify;\">Na madrugada do \u00faltimo domingo, 15, um homem identificado como D\u00e1rio Silva Souza, 33 anos, deu entrada na Emerg\u00eancia da Unidade de Sa\u00fade do munic\u00edpio de Banza\u00ea-BA, v\u00edtima de uma facada.<!--more--><\/p>\n<p style=\"text-align: justify;\"><img fetchpriority=\"high\" decoding=\"async\" class=\"size-thumbnail wp-image-9394 alignleft\" src=\"https:\/\/www.portalalerta.com.br\/wp-content\/uploads\/2018\/07\/05elab-320x240.jpg\" alt=\"\" width=\"320\" height=\"240\" srcset=\"https:\/\/www.portalalerta.com.br\/wp-content\/uploads\/2018\/07\/05elab-320x240.jpg 320w, https:\/\/www.portalalerta.com.br\/wp-content\/uploads\/2018\/07\/05elab-195x146.jpg 195w, https:\/\/www.portalalerta.com.br\/wp-content\/uploads\/2018\/07\/05elab-50x38.jpg 50w, https:\/\/www.portalalerta.com.br\/wp-content\/uploads\/2018\/07\/05elab-100x75.jpg 100w, https:\/\/www.portalalerta.com.br\/wp-content\/uploads\/2018\/07\/05elab.jpg 400w\" sizes=\"(max-width: 320px) 100vw, 320px\" \/>De acordo com informa\u00e7\u00f5es preliminares, o crime tinha ocorrido na Rua da Mirandela, onde a v\u00edtima foi socorrida por populares. O caso s\u00f3 foi informado \u00e0s for\u00e7as policiais cinco horas ap\u00f3s o ocorrido.<\/p>\n<p style=\"text-align: justify;\">Militares do 2\u00ba Pelot\u00e3o se dirigiram at\u00e9 a unidade onde colheram mais detalhes do crime, entre eles a identifica\u00e7\u00e3o do autor.<\/p>\n<p style=\"text-align: justify;\">At\u00e9 o fechamento desta mat\u00e9ria ningu\u00e9m tinha sido preso.<\/p>\n<p style=\"text-align: justify;\"><em>Reda\u00e7\u00e3o: Portal Alerta<\/em><\/p>\n","protected":false},"excerpt":{"rendered":"<p>Na madrugada do \u00faltimo domingo, 15, um homem identificado como D\u00e1rio Silva Souza, 33 anos, deu entrada na Emerg\u00eancia da Unidade de Sa\u00fade do munic\u00edpio de Banza\u00ea-BA, v\u00edtima de uma facada.<\/p>\n","protected":false},"author":2,"featured_media":17907,"comment_status":"open","ping_status":"open","sticky":false,"template":"","format":"standard","meta":{"om_disable_all_campaigns":false,"_monsterinsights_skip_tracking":false,"_monsterinsights_sitenote_active":false,"_monsterinsights_sitenote_note":"","_monsterinsights_sitenote_category":0,"footnotes":""},"categories":[39,70,69,32,22],"tags":[49,492,299,105],"class_list":["post-20496","post","type-post","status-publish","format-standard","has-post-thumbnail","hentry","category-banzae","category-destaques","category-noticias2","category-regiao","category-seguranca","tag-banzae","tag-facada","tag-ferido","tag-tentativa-de-homicidio"],"aioseo_notices":[],"_links":{"self":[{"href":"https:\/\/www.portalalerta.com.br\/index.php\/wp-json\/wp\/v2\/posts\/20496","targetHints":{"allow":["GET"]}}],"collection":[{"href":"https:\/\/www.portalalerta.com.br\/index.php\/wp-json\/wp\/v2\/posts"}],"about":[{"href":"https:\/\/www.portalalerta.com.br\/index.php\/wp-json\/wp\/v2\/types\/post"}],"author":[{"embeddable":true,"href":"https:\/\/www.portalalerta.com.br\/index.php\/wp-json\/wp\/v2\/users\/2"}],"replies":[{"embeddable":true,"href":"https:\/\/www.portalalerta.com.br\/index.php\/wp-json\/wp\/v2\/comments?post=20496"}],"version-history":[{"count":1,"href":"https:\/\/www.portalalerta.com.br\/index.php\/wp-json\/wp\/v2\/posts\/20496\/revisions"}],"predecessor-version":[{"id":20497,"href":"https:\/\/www.portalalerta.com.br\/index.php\/wp-json\/wp\/v2\/posts\/20496\/revisions\/20497"}],"wp:featuredmedia":[{"embeddable":true,"href":"https:\/\/www.portalalerta.com.br\/index.php\/wp-json\/wp\/v2\/media\/17907"}],"wp:attachment":[{"href":"https:\/\/www.portalalerta.com.br\/index.php\/wp-json\/wp\/v2\/media?parent=20496"}],"wp:term":[{"taxonomy":"category","embeddable":true,"href":"https:\/\/www.portalalerta.com.br\/index.php\/wp-json\/wp\/v2\/categories?post=20496"},{"taxonomy":"post_tag","embeddable":true,"href":"https:\/\/www.portalalerta.com.br\/index.php\/wp-json\/wp\/v2\/tags?post=20496"}],"curies":[{"name":"wp","href":"https:\/\/api.w.org\/{rel}","templated":true}]}}