{"id":20501,"date":"2019-12-17T01:51:38","date_gmt":"2019-12-17T04:51:38","guid":{"rendered":"https:\/\/www.portalalerta.com.br\/?p=20501"},"modified":"2019-12-18T13:00:45","modified_gmt":"2019-12-18T16:00:45","slug":"apos-cinco-meses-cicero-dantas-ba-volta-a-registrar-mais-um-homicidio","status":"publish","type":"post","link":"https:\/\/www.portalalerta.com.br\/index.php\/2019\/12\/17\/apos-cinco-meses-cicero-dantas-ba-volta-a-registrar-mais-um-homicidio\/","title":{"rendered":"C\u00edcero Dantas-BA volta a registrar mais um homic\u00eddio"},"content":{"rendered":"<p style=\"text-align: justify;\">Na noite do \u00faltimo domingo, 15, um homem foi assassinado \u00e0 tiros na Rua das Bandinhas, centro de C\u00edcero Dantas-BA.<!--more--><\/p>\n<p style=\"text-align: justify;\"><img fetchpriority=\"high\" decoding=\"async\" class=\"size-thumbnail wp-image-20354 aligncenter\" src=\"https:\/\/www.portalalerta.com.br\/wp-content\/uploads\/2019\/12\/Real-Natal-2019-720x222.jpeg\" alt=\"\" width=\"720\" height=\"222\" \/>Policias Militares do 3\u00ba Pelot\u00e3o foram at\u00e9 o local, onde constataram a veracidade dos fatos. A v\u00edtima foi identificada pelo prenome Lucas, ou \u201cLucas de Zefa\u201d como era conhecida.<\/p>\n<p style=\"text-align: justify;\">O caso foi informado ao Departamento de Pol\u00edcia T\u00e9cnica (DPT \u2013 Euclides da Cunha), para a realiza\u00e7\u00e3o da per\u00edcia bem como a remo\u00e7\u00e3o do corpo para ser autopsiado. Nada foi informado a respeito da autoria e motiva\u00e7\u00e3o do crime.<\/p>\n<figure id=\"attachment_20502\" aria-describedby=\"caption-attachment-20502\" style=\"width: 720px\" class=\"wp-caption aligncenter\"><img decoding=\"async\" class=\"wp-image-20502 size-full\" src=\"https:\/\/www.portalalerta.com.br\/wp-content\/uploads\/2019\/12\/homic\u00eddio-em-C\u00edcero-Dantas-2019.5.jpg\" alt=\"\" width=\"720\" height=\"600\" srcset=\"https:\/\/www.portalalerta.com.br\/wp-content\/uploads\/2019\/12\/homic\u00eddio-em-C\u00edcero-Dantas-2019.5.jpg 720w, https:\/\/www.portalalerta.com.br\/wp-content\/uploads\/2019\/12\/homic\u00eddio-em-C\u00edcero-Dantas-2019.5-288x240.jpg 288w, https:\/\/www.portalalerta.com.br\/wp-content\/uploads\/2019\/12\/homic\u00eddio-em-C\u00edcero-Dantas-2019.5-175x146.jpg 175w, https:\/\/www.portalalerta.com.br\/wp-content\/uploads\/2019\/12\/homic\u00eddio-em-C\u00edcero-Dantas-2019.5-50x42.jpg 50w, https:\/\/www.portalalerta.com.br\/wp-content\/uploads\/2019\/12\/homic\u00eddio-em-C\u00edcero-Dantas-2019.5-90x75.jpg 90w\" sizes=\"(max-width: 720px) 100vw, 720px\" \/><figcaption id=\"caption-attachment-20502\" class=\"wp-caption-text\">&#8220;Lucas de Zefa&#8221; foi assassinado \u00e0 tiros<\/figcaption><\/figure>\n<p style=\"text-align: justify;\">Com este, sobe para dez o n\u00famero de homic\u00eddios no munic\u00edpio este ano.<\/p>\n<p style=\"text-align: justify;\"><em>Reda\u00e7\u00e3o: Portal Alerta<\/em><\/p>\n","protected":false},"excerpt":{"rendered":"<p>Na noite do \u00faltimo domingo, 15, um homem foi assassinado \u00e0 tiros na Rua das Bandinhas, centro de C\u00edcero Dantas-BA.<\/p>\n","protected":false},"author":2,"featured_media":2961,"comment_status":"open","ping_status":"open","sticky":false,"template":"","format":"standard","meta":{"om_disable_all_campaigns":false,"_monsterinsights_skip_tracking":false,"_monsterinsights_sitenote_active":false,"_monsterinsights_sitenote_note":"","_monsterinsights_sitenote_category":0,"footnotes":""},"categories":[4,70,69,32,22],"tags":[75,128,206,169],"class_list":["post-20501","post","type-post","status-publish","format-standard","has-post-thumbnail","hentry","category-cicero-dantas","category-destaques","category-noticias2","category-regiao","category-seguranca","tag-cicero-dantas","tag-disparo-de-arma-de-fogo","tag-homicidio","tag-morte"],"aioseo_notices":[],"_links":{"self":[{"href":"https:\/\/www.portalalerta.com.br\/index.php\/wp-json\/wp\/v2\/posts\/20501","targetHints":{"allow":["GET"]}}],"collection":[{"href":"https:\/\/www.portalalerta.com.br\/index.php\/wp-json\/wp\/v2\/posts"}],"about":[{"href":"https:\/\/www.portalalerta.com.br\/index.php\/wp-json\/wp\/v2\/types\/post"}],"author":[{"embeddable":true,"href":"https:\/\/www.portalalerta.com.br\/index.php\/wp-json\/wp\/v2\/users\/2"}],"replies":[{"embeddable":true,"href":"https:\/\/www.portalalerta.com.br\/index.php\/wp-json\/wp\/v2\/comments?post=20501"}],"version-history":[{"count":3,"href":"https:\/\/www.portalalerta.com.br\/index.php\/wp-json\/wp\/v2\/posts\/20501\/revisions"}],"predecessor-version":[{"id":20505,"href":"https:\/\/www.portalalerta.com.br\/index.php\/wp-json\/wp\/v2\/posts\/20501\/revisions\/20505"}],"wp:featuredmedia":[{"embeddable":true,"href":"https:\/\/www.portalalerta.com.br\/index.php\/wp-json\/wp\/v2\/media\/2961"}],"wp:attachment":[{"href":"https:\/\/www.portalalerta.com.br\/index.php\/wp-json\/wp\/v2\/media?parent=20501"}],"wp:term":[{"taxonomy":"category","embeddable":true,"href":"https:\/\/www.portalalerta.com.br\/index.php\/wp-json\/wp\/v2\/categories?post=20501"},{"taxonomy":"post_tag","embeddable":true,"href":"https:\/\/www.portalalerta.com.br\/index.php\/wp-json\/wp\/v2\/tags?post=20501"}],"curies":[{"name":"wp","href":"https:\/\/api.w.org\/{rel}","templated":true}]}}