{"id":20511,"date":"2019-12-18T14:31:04","date_gmt":"2019-12-18T17:31:04","guid":{"rendered":"https:\/\/www.portalalerta.com.br\/?p=20511"},"modified":"2019-12-18T14:31:04","modified_gmt":"2019-12-18T17:31:04","slug":"goleiro-jean-do-sao-paulo-e-preso-nos-eua-acusado-de-agredir-a-esposa","status":"publish","type":"post","link":"https:\/\/www.portalalerta.com.br\/index.php\/2019\/12\/18\/goleiro-jean-do-sao-paulo-e-preso-nos-eua-acusado-de-agredir-a-esposa\/","title":{"rendered":"Goleiro Jean, do S\u00e3o Paulo, \u00e9 preso nos EUA acusado de agredir a esposa"},"content":{"rendered":"<p style=\"text-align: justify;\">O\u00a0goleiro Jean, do S\u00e3o Paulo, foi preso nos Estados Unidos nesta quarta-feira, 18.\u00a0O atleta foi detido acusado de agredir a esposa<strong>.\u00a0<\/strong>Sua ficha est\u00e1 no sistema do Departamento de Corre\u00e7\u00f5es do Condado de Orange, na Fl\u00f3rida. As informa\u00e7\u00f5es s\u00e3o do Globoesporte.com.<!--more--><\/p>\n<p style=\"text-align: justify;\"><img fetchpriority=\"high\" decoding=\"async\" class=\"size-full wp-image-2902 alignleft\" src=\"https:\/\/www.portalalerta.com.br\/wp-content\/uploads\/2017\/11\/elab-2.jpg\" alt=\"\" width=\"310\" height=\"200\" srcset=\"https:\/\/www.portalalerta.com.br\/wp-content\/uploads\/2017\/11\/elab-2.jpg 310w, https:\/\/www.portalalerta.com.br\/wp-content\/uploads\/2017\/11\/elab-2-226x146.jpg 226w, https:\/\/www.portalalerta.com.br\/wp-content\/uploads\/2017\/11\/elab-2-50x32.jpg 50w, https:\/\/www.portalalerta.com.br\/wp-content\/uploads\/2017\/11\/elab-2-116x75.jpg 116w\" sizes=\"(max-width: 310px) 100vw, 310px\" \/><\/p>\n<p style=\"text-align: justify;\">O clube paulista estuda rescindir o contrato do jogador. As acusa\u00e7\u00f5es da mulher do atleta tornaram-se p\u00fablicas na madrugada desta quarta quando ela postou uma s\u00e9rie de v\u00eddeos com o rosto machucado.<\/p>\n<p style=\"text-align: justify;\">Os v\u00eddeos postados por Milena durante as f\u00e9rias do casal nos Estados Unidos foram salvos por pessoas que assistiram e circulam por redes sociais, mesmo que o material tenha sido apagado por ela.<\/p>\n<figure id=\"attachment_20513\" aria-describedby=\"caption-attachment-20513\" style=\"width: 600px\" class=\"wp-caption aligncenter\"><img decoding=\"async\" class=\"wp-image-20513 size-full\" src=\"https:\/\/www.portalalerta.com.br\/wp-content\/uploads\/2019\/12\/goleiro-jean-preso-2019.jpg\" alt=\"\" width=\"600\" height=\"600\" srcset=\"https:\/\/www.portalalerta.com.br\/wp-content\/uploads\/2019\/12\/goleiro-jean-preso-2019.jpg 600w, https:\/\/www.portalalerta.com.br\/wp-content\/uploads\/2019\/12\/goleiro-jean-preso-2019-240x240.jpg 240w, https:\/\/www.portalalerta.com.br\/wp-content\/uploads\/2019\/12\/goleiro-jean-preso-2019-146x146.jpg 146w, https:\/\/www.portalalerta.com.br\/wp-content\/uploads\/2019\/12\/goleiro-jean-preso-2019-50x50.jpg 50w, https:\/\/www.portalalerta.com.br\/wp-content\/uploads\/2019\/12\/goleiro-jean-preso-2019-75x75.jpg 75w, https:\/\/www.portalalerta.com.br\/wp-content\/uploads\/2019\/12\/goleiro-jean-preso-2019-85x85.jpg 85w, https:\/\/www.portalalerta.com.br\/wp-content\/uploads\/2019\/12\/goleiro-jean-preso-2019-80x80.jpg 80w\" sizes=\"(max-width: 600px) 100vw, 600px\" \/><figcaption id=\"caption-attachment-20513\" class=\"wp-caption-text\">Ficha Policial do Goleiro Jean, nos Estados Unidos<\/figcaption><\/figure>\n<figure id=\"attachment_20512\" aria-describedby=\"caption-attachment-20512\" style=\"width: 720px\" class=\"wp-caption aligncenter\"><img decoding=\"async\" class=\"wp-image-20512 size-full\" src=\"https:\/\/www.portalalerta.com.br\/wp-content\/uploads\/2019\/12\/goleiro-jean-preso-2019.1.jpg\" alt=\"\" width=\"720\" height=\"540\" srcset=\"https:\/\/www.portalalerta.com.br\/wp-content\/uploads\/2019\/12\/goleiro-jean-preso-2019.1.jpg 720w, https:\/\/www.portalalerta.com.br\/wp-content\/uploads\/2019\/12\/goleiro-jean-preso-2019.1-320x240.jpg 320w, https:\/\/www.portalalerta.com.br\/wp-content\/uploads\/2019\/12\/goleiro-jean-preso-2019.1-195x146.jpg 195w, https:\/\/www.portalalerta.com.br\/wp-content\/uploads\/2019\/12\/goleiro-jean-preso-2019.1-50x38.jpg 50w, https:\/\/www.portalalerta.com.br\/wp-content\/uploads\/2019\/12\/goleiro-jean-preso-2019.1-100x75.jpg 100w\" sizes=\"(max-width: 720px) 100vw, 720px\" \/><figcaption id=\"caption-attachment-20512\" class=\"wp-caption-text\">Imagem mostra les\u00f5es no rosto da v\u00edtima<\/figcaption><\/figure>\n<p style=\"text-align: justify;\"><em>Fonte: Yahoo Not\u00edcias<\/em><\/p>\n","protected":false},"excerpt":{"rendered":"<p>O\u00a0goleiro Jean, do S\u00e3o Paulo, foi preso nos Estados Unidos nesta quarta-feira, 18.\u00a0O atleta foi detido acusado de agredir a esposa.\u00a0Sua ficha est\u00e1 no sistema do Departamento de Corre\u00e7\u00f5es do Condado de Orange, na Fl\u00f3rida. As informa\u00e7\u00f5es s\u00e3o do Globoesporte.com.<\/p>\n","protected":false},"author":2,"featured_media":20514,"comment_status":"open","ping_status":"open","sticky":false,"template":"","format":"standard","meta":{"om_disable_all_campaigns":false,"_monsterinsights_skip_tracking":false,"_monsterinsights_sitenote_active":false,"_monsterinsights_sitenote_note":"","_monsterinsights_sitenote_category":0,"footnotes":""},"categories":[34,70,2,35,69,22],"tags":[73,93,327,97,3279,3280,339,77],"class_list":["post-20511","post","type-post","status-publish","format-standard","has-post-thumbnail","hentry","category-brasil","category-destaques","category-esportes","category-mundo","category-noticias2","category-seguranca","tag-agressao","tag-brasil","tag-eua","tag-futebol","tag-goleiro","tag-jean","tag-mundo","tag-preso"],"aioseo_notices":[],"_links":{"self":[{"href":"https:\/\/www.portalalerta.com.br\/index.php\/wp-json\/wp\/v2\/posts\/20511","targetHints":{"allow":["GET"]}}],"collection":[{"href":"https:\/\/www.portalalerta.com.br\/index.php\/wp-json\/wp\/v2\/posts"}],"about":[{"href":"https:\/\/www.portalalerta.com.br\/index.php\/wp-json\/wp\/v2\/types\/post"}],"author":[{"embeddable":true,"href":"https:\/\/www.portalalerta.com.br\/index.php\/wp-json\/wp\/v2\/users\/2"}],"replies":[{"embeddable":true,"href":"https:\/\/www.portalalerta.com.br\/index.php\/wp-json\/wp\/v2\/comments?post=20511"}],"version-history":[{"count":1,"href":"https:\/\/www.portalalerta.com.br\/index.php\/wp-json\/wp\/v2\/posts\/20511\/revisions"}],"predecessor-version":[{"id":20515,"href":"https:\/\/www.portalalerta.com.br\/index.php\/wp-json\/wp\/v2\/posts\/20511\/revisions\/20515"}],"wp:featuredmedia":[{"embeddable":true,"href":"https:\/\/www.portalalerta.com.br\/index.php\/wp-json\/wp\/v2\/media\/20514"}],"wp:attachment":[{"href":"https:\/\/www.portalalerta.com.br\/index.php\/wp-json\/wp\/v2\/media?parent=20511"}],"wp:term":[{"taxonomy":"category","embeddable":true,"href":"https:\/\/www.portalalerta.com.br\/index.php\/wp-json\/wp\/v2\/categories?post=20511"},{"taxonomy":"post_tag","embeddable":true,"href":"https:\/\/www.portalalerta.com.br\/index.php\/wp-json\/wp\/v2\/tags?post=20511"}],"curies":[{"name":"wp","href":"https:\/\/api.w.org\/{rel}","templated":true}]}}