{"id":20659,"date":"2019-12-31T16:17:33","date_gmt":"2019-12-31T19:17:33","guid":{"rendered":"https:\/\/www.portalalerta.com.br\/?p=20659"},"modified":"2019-12-31T16:17:33","modified_gmt":"2019-12-31T19:17:33","slug":"bilionario-brasileiro-foge-de-prisao-domiciliar-no-japao-e-se-esconde-no-libano","status":"publish","type":"post","link":"https:\/\/www.portalalerta.com.br\/index.php\/2019\/12\/31\/bilionario-brasileiro-foge-de-prisao-domiciliar-no-japao-e-se-esconde-no-libano\/","title":{"rendered":"Bilion\u00e1rio Brasileiro foge de pris\u00e3o domiciliar no Jap\u00e3o e se esconde no L\u00edbano"},"content":{"rendered":"<p style=\"text-align: justify;\">O ex-CEO da Renault e Nissan, o brasileiro Carlos Ghosn, que estava em pris\u00e3o domiciliar em T\u00f3quio aguardando julgamento, confirmou nesta ter\u00e7a-feira (31) sua fuga para o L\u00edbano.<!--more--><\/p>\n<p style=\"text-align: justify;\">&#8220;Agora estou no L\u00edbano. N\u00e3o sou mais ref\u00e9m de um sistema judicial japon\u00eas parcial, onde prevalece a presun\u00e7\u00e3o de culpa&#8221;, escreveu ele em um comunicado transmitido por seu porta-voz.<\/p>\n<p style=\"text-align: justify;\">&#8220;N\u00e3o fugi da justi\u00e7a, eu me libertei da injusti\u00e7a e da persegui\u00e7\u00e3o pol\u00edtica. Posso finalmente me comunicar livremente com a m\u00eddia, o que farei a partir da pr\u00f3xima semana&#8221;, acrescentou.<\/p>\n<p style=\"text-align: justify;\">Seu principal advogado disse nesta ter\u00e7a que ficou perplexo com as not\u00edcias e que soube da fuga do cliente pela televis\u00e3o.<\/p>\n<p style=\"text-align: justify;\">&#8220;Fomos pegos completamente de surpresa. Estou chocado&#8221;, disse Junichiro Hironaka aos jornalistas em T\u00f3quio.<\/p>\n<p style=\"text-align: justify;\">Ghosn estava em pris\u00e3o domiciliar no Jap\u00e3o, onde seria julgado em abril de 2020, especialmente por suposta apropria\u00e7\u00e3o ind\u00e9bita financeira.<\/p>\n<p style=\"text-align: justify;\">Na segunda-feira, ele chegou ao aeroporto de Beirute, disse uma fonte de seguran\u00e7a libanesa \u00e0 AFP.<\/p>\n<p style=\"text-align: justify;\">&#8220;A maneira como ele deixou o Jap\u00e3o n\u00e3o est\u00e1 clara&#8221;, disse outra autoridade libanesa \u00e0 AFP.<\/p>\n<p style=\"text-align: justify;\">Segundo o jornal liban\u00eas al-Jumhuriya, que revelou as informa\u00e7\u00f5es, o ex-chefe da alian\u00e7a Renault-Nissan-Mitsubishi, com tripla nacionalidade francesa, libanesa e brasileira, chegou a Beirute em um avi\u00e3o da Turquia.<\/p>\n<p style=\"text-align: justify;\">Nada em seu comportamento nos \u00faltimos dias indicava que ele deixaria o Jap\u00e3o, disseram algumas pessoas que o visitaram at\u00e9 a semana passada.<\/p>\n<p style=\"text-align: justify;\">&#8220;Ele ainda estava se preparando para seu julgamento durante nossas reuni\u00f5es regulares&#8221;, disse seu advogado.<\/p>\n<p style=\"text-align: justify;\">&#8220;Carlos Ghosn n\u00e3o tenta se esquivar de suas responsabilidades, mas foge da injusti\u00e7a do sistema japon\u00eas&#8221;, explicou \u00e0 AFP uma fonte ligada ao caso, que pediu para ter sua identidade preservada.<\/p>\n<p style=\"text-align: justify;\"><strong>103 dias de pris\u00e3o<\/strong><\/p>\n<p style=\"text-align: justify;\">Desde sua pris\u00e3o, em 19 de novembro de 2018 em T\u00f3quio, seus advogados e sua fam\u00edlia denunciaram as condi\u00e7\u00f5es de deten\u00e7\u00e3o, o tratamento dado a ele e a maneira como a justi\u00e7a japonesa realiza a acusa\u00e7\u00e3o.<\/p>\n<p style=\"text-align: justify;\"><img fetchpriority=\"high\" decoding=\"async\" class=\"size-full wp-image-2902 alignleft\" src=\"https:\/\/www.portalalerta.com.br\/wp-content\/uploads\/2017\/11\/elab-2.jpg\" alt=\"\" width=\"310\" height=\"200\" srcset=\"https:\/\/www.portalalerta.com.br\/wp-content\/uploads\/2017\/11\/elab-2.jpg 310w, https:\/\/www.portalalerta.com.br\/wp-content\/uploads\/2017\/11\/elab-2-226x146.jpg 226w, https:\/\/www.portalalerta.com.br\/wp-content\/uploads\/2017\/11\/elab-2-50x32.jpg 50w, https:\/\/www.portalalerta.com.br\/wp-content\/uploads\/2017\/11\/elab-2-116x75.jpg 116w\" sizes=\"(max-width: 310px) 100vw, 310px\" \/>Em novembro, Ghosn foi autorizado a falar por videoconfer\u00eancia com sua esposa Carole, pela primeira vez em quase oito meses.<\/p>\n<p style=\"text-align: justify;\">Alguns dias antes desse contato, seus filhos exigiram um julgamento &#8220;justo&#8221; para o pai em uma coluna publicada no site de r\u00e1dio p\u00fablica francesa Franceinfo.<\/p>\n<p style=\"text-align: justify;\">De acordo com sua assessoria de comunica\u00e7\u00e3o, Carlos Ghosn defendeu o &#8220;levantamento total&#8221; das v\u00e1rias proibi\u00e7\u00f5es impostas, considerando-as &#8220;excessivas, cru\u00e9is e desumanas, e para que seus direitos fundamentais e os de sua esposa fossem respeitados&#8221;.<\/p>\n<p style=\"text-align: justify;\">Aquele que um dia foi aclamado como &#8220;o salvador da Nissan&#8221;, ap\u00f3s sua chegada ao grupo japon\u00eas em 1999, passou 130 dias na pris\u00e3o desde novembro de 2018. Foi libertado sob fian\u00e7a pela primeira vez em mar\u00e7o de 2019, mas voltou a ser preso no come\u00e7o de abril. No fim daquele m\u00eas obteve pris\u00e3o domiciliar em condi\u00e7\u00f5es estritas.<\/p>\n<p style=\"text-align: justify;\">O ex-executivo \u00e9 acusado de n\u00e3o declarar mais de 160 milh\u00f5es de reais que ganhou entre 2010 e 2015, de usar indevidamente bens da Nissan em benef\u00edcio pr\u00f3prio, de ter dado preju\u00edzo \u00e0 montadora de autom\u00f3veis numa transfer\u00eancia de fundos e de repassar \u00e0 empresa uma d\u00edvida particular.<\/p>\n<p style=\"text-align: justify;\"><strong>Acusa\u00e7\u00f5es tendenciosas<\/strong><\/p>\n<p style=\"text-align: justify;\">Desde o come\u00e7o do caso, Carlos Ghosn denunciou um &#8220;compl\u00f4&#8221; por parte da companhia para impedir um projeto de integra\u00e7\u00e3o refor\u00e7ada com a Renault.<\/p>\n<p style=\"text-align: justify;\">Durante uma audi\u00eancia preliminar em outubro, sua defesa pediu a anula\u00e7\u00e3o do processo contra ele no Jap\u00e3o e acusou os promotores de &#8220;a\u00e7\u00f5es ilegais&#8221; e conluio com a Nissan para derrub\u00e1-lo.<\/p>\n<p style=\"text-align: justify;\">As acusa\u00e7\u00f5es s\u00e3o &#8220;motivadas politicamente desde o in\u00edcio, fundamentalmente tendenciosas&#8221; e &#8220;este caso nunca deveria ter resultado em processo criminal&#8221;, denunciaram seus defensores.<\/p>\n<p style=\"text-align: justify;\">As condi\u00e7\u00f5es de liberdade do ex-magnata determinam que seus passaportes fiquem em poder de seus advogados, garantidores do respeito \u00e0s normas impostas pela justi\u00e7a.<\/p>\n<p style=\"text-align: justify;\">Sua pris\u00e3o domiciliar em T\u00f3quio lhe permitia viajar dentro do Jap\u00e3o, mas o tempo de sua aus\u00eancia de casa estava regulado.<\/p>\n<p style=\"text-align: justify;\">Carlos Ghosn e seus advogados se queixavam que desde sua segunda liberta\u00e7\u00e3o, em abril, foi constantemente seguido. Inicialmente acusaram oficiais do Minist\u00e9rio P\u00fablico.<\/p>\n<p style=\"text-align: justify;\"><em>Fonte: Yahoo Not\u00edcias<\/em><\/p>\n","protected":false},"excerpt":{"rendered":"<p>O ex-CEO da Renault e Nissan, o brasileiro Carlos Ghosn, que estava em pris\u00e3o domiciliar em T\u00f3quio aguardando julgamento, confirmou nesta ter\u00e7a-feira (31) sua fuga para o L\u00edbano.<\/p>\n","protected":false},"author":2,"featured_media":20660,"comment_status":"open","ping_status":"open","sticky":false,"template":"","format":"standard","meta":{"om_disable_all_campaigns":false,"_monsterinsights_skip_tracking":false,"_monsterinsights_sitenote_active":false,"_monsterinsights_sitenote_note":"","_monsterinsights_sitenote_category":0,"footnotes":""},"categories":[34,70,35,69],"tags":[93,3302,3300,1268,3299,339,3301,2907],"class_list":["post-20659","post","type-post","status-publish","format-standard","has-post-thumbnail","hentry","category-brasil","category-destaques","category-mundo","category-noticias2","tag-brasil","tag-carlos-ghosn","tag-fulga","tag-japao","tag-libano","tag-mundo","tag-nissan","tag-renaut"],"aioseo_notices":[],"_links":{"self":[{"href":"https:\/\/www.portalalerta.com.br\/index.php\/wp-json\/wp\/v2\/posts\/20659","targetHints":{"allow":["GET"]}}],"collection":[{"href":"https:\/\/www.portalalerta.com.br\/index.php\/wp-json\/wp\/v2\/posts"}],"about":[{"href":"https:\/\/www.portalalerta.com.br\/index.php\/wp-json\/wp\/v2\/types\/post"}],"author":[{"embeddable":true,"href":"https:\/\/www.portalalerta.com.br\/index.php\/wp-json\/wp\/v2\/users\/2"}],"replies":[{"embeddable":true,"href":"https:\/\/www.portalalerta.com.br\/index.php\/wp-json\/wp\/v2\/comments?post=20659"}],"version-history":[{"count":1,"href":"https:\/\/www.portalalerta.com.br\/index.php\/wp-json\/wp\/v2\/posts\/20659\/revisions"}],"predecessor-version":[{"id":20661,"href":"https:\/\/www.portalalerta.com.br\/index.php\/wp-json\/wp\/v2\/posts\/20659\/revisions\/20661"}],"wp:featuredmedia":[{"embeddable":true,"href":"https:\/\/www.portalalerta.com.br\/index.php\/wp-json\/wp\/v2\/media\/20660"}],"wp:attachment":[{"href":"https:\/\/www.portalalerta.com.br\/index.php\/wp-json\/wp\/v2\/media?parent=20659"}],"wp:term":[{"taxonomy":"category","embeddable":true,"href":"https:\/\/www.portalalerta.com.br\/index.php\/wp-json\/wp\/v2\/categories?post=20659"},{"taxonomy":"post_tag","embeddable":true,"href":"https:\/\/www.portalalerta.com.br\/index.php\/wp-json\/wp\/v2\/tags?post=20659"}],"curies":[{"name":"wp","href":"https:\/\/api.w.org\/{rel}","templated":true}]}}