{"id":20668,"date":"2019-12-31T19:06:07","date_gmt":"2019-12-31T22:06:07","guid":{"rendered":"https:\/\/www.portalalerta.com.br\/?p=20668"},"modified":"2019-12-31T19:06:07","modified_gmt":"2019-12-31T22:06:07","slug":"cantor-juliano-cezar-morre-durante-show-no-interior-do-parana","status":"publish","type":"post","link":"https:\/\/www.portalalerta.com.br\/index.php\/2019\/12\/31\/cantor-juliano-cezar-morre-durante-show-no-interior-do-parana\/","title":{"rendered":"Cantor Juliano Cezar morre durante show no interior do Paran\u00e1"},"content":{"rendered":"<p style=\"text-align: justify;\">Juliano Cezar, 59, morreu na madrugada desta ter\u00e7a-feira (31), ap\u00f3s sofrer uma parada card\u00edaca enquanto fazia um show em Uniflor, no interior do Paran\u00e1.<!--more--><\/p>\n<p style=\"text-align: justify;\">A informa\u00e7\u00e3o foi confirmada oficialmente pelo Explosion Music, escrit\u00f3rio de gerenciamento de carreiras, que lamentou o ocorrido. O vel\u00f3rio ser\u00e1 realizado na cidade natal do cantor, Passos, Minas Gerais.<\/p>\n<p style=\"text-align: justify;\">V\u00eddeos circulam nas redes sociais mostrando o momento exato em que o artista sofreu a parada. No meio de uma m\u00fasica, ele aparenta sentir dor, fica curvado, chega perto dos m\u00fasicos que o acompanhavam, tenta segurar no pedestal e cai no palco.<\/p>\n<p style=\"text-align: justify;\"><img fetchpriority=\"high\" decoding=\"async\" class=\"size-thumbnail wp-image-20354 aligncenter\" src=\"https:\/\/www.portalalerta.com.br\/wp-content\/uploads\/2019\/12\/Real-Natal-2019-720x222.jpeg\" alt=\"\" width=\"720\" height=\"222\" \/>A morte no meio do show provocou como\u00e7\u00e3o entre os f\u00e3s. &#8220;Eu estou chocada demais porque fui no \u00faltimo show do Juliano Cezar&#8221;, escreveu uma das f\u00e3s. &#8220;Presenciei ele morrer em Uniflor&#8221;, contou outro.<\/p>\n<p style=\"text-align: justify;\">Ele despontou h\u00e1 tr\u00eas d\u00e9cadas com a can\u00e7\u00e3o &#8220;N\u00e3o Aprendi Dizer Adeus&#8221;, de Joel Marques, depois gravada pela dupla Leandro e Leonardo. Nessa \u00e9poca, ganhou o Pr\u00eamio Sharp como revela\u00e7\u00e3o e foi indicado ao Grammy Latino.<\/p>\n<p style=\"text-align: justify;\">Ao longo de sua trajet\u00f3ria, gravou dez CDs, tr\u00eas DVDs e fez sucesso com m\u00fasicas como &#8220;Cowboy Vagabundo&#8221; e &#8220;Bem aos Olhos da Lua&#8221;. Antes da carreira art\u00edstica, Juliano Cezar foi pe\u00e3o de rodeios e fazendeiro.<\/p>\n<p style=\"text-align: justify;\">No domingo (29), a cantora Andreia Ribeiro tamb\u00e9m morreu ap\u00f3s passar mal no palco, em Jos\u00e9 de Freitas, no Piau\u00ed. Ela teve um mal s\u00fabito durante um show, foi levada ao hospital da cidade e transferida para a UTI do Hospital de Urg\u00eancias de Teresina, mas sofreu paradas card\u00edacas e morreu.<\/p>\n<p style=\"text-align: justify;\"><em>Fonte: Yahoo Not\u00edcias<\/em><\/p>\n","protected":false},"excerpt":{"rendered":"<p>Juliano Cezar, 59, morreu na madrugada desta ter\u00e7a-feira (31), ap\u00f3s sofrer uma parada card\u00edaca enquanto fazia um show em Uniflor, no interior do Paran\u00e1.<\/p>\n","protected":false},"author":2,"featured_media":20669,"comment_status":"open","ping_status":"open","sticky":false,"template":"","format":"standard","meta":{"om_disable_all_campaigns":false,"_monsterinsights_skip_tracking":false,"_monsterinsights_sitenote_active":false,"_monsterinsights_sitenote_note":"","_monsterinsights_sitenote_category":0,"footnotes":""},"categories":[34,70,69],"tags":[93,654,169,442,3303],"class_list":["post-20668","post","type-post","status-publish","format-standard","has-post-thumbnail","hentry","category-brasil","category-destaques","category-noticias2","tag-brasil","tag-cantor","tag-morte","tag-parana","tag-uniflor"],"aioseo_notices":[],"_links":{"self":[{"href":"https:\/\/www.portalalerta.com.br\/index.php\/wp-json\/wp\/v2\/posts\/20668","targetHints":{"allow":["GET"]}}],"collection":[{"href":"https:\/\/www.portalalerta.com.br\/index.php\/wp-json\/wp\/v2\/posts"}],"about":[{"href":"https:\/\/www.portalalerta.com.br\/index.php\/wp-json\/wp\/v2\/types\/post"}],"author":[{"embeddable":true,"href":"https:\/\/www.portalalerta.com.br\/index.php\/wp-json\/wp\/v2\/users\/2"}],"replies":[{"embeddable":true,"href":"https:\/\/www.portalalerta.com.br\/index.php\/wp-json\/wp\/v2\/comments?post=20668"}],"version-history":[{"count":1,"href":"https:\/\/www.portalalerta.com.br\/index.php\/wp-json\/wp\/v2\/posts\/20668\/revisions"}],"predecessor-version":[{"id":20670,"href":"https:\/\/www.portalalerta.com.br\/index.php\/wp-json\/wp\/v2\/posts\/20668\/revisions\/20670"}],"wp:featuredmedia":[{"embeddable":true,"href":"https:\/\/www.portalalerta.com.br\/index.php\/wp-json\/wp\/v2\/media\/20669"}],"wp:attachment":[{"href":"https:\/\/www.portalalerta.com.br\/index.php\/wp-json\/wp\/v2\/media?parent=20668"}],"wp:term":[{"taxonomy":"category","embeddable":true,"href":"https:\/\/www.portalalerta.com.br\/index.php\/wp-json\/wp\/v2\/categories?post=20668"},{"taxonomy":"post_tag","embeddable":true,"href":"https:\/\/www.portalalerta.com.br\/index.php\/wp-json\/wp\/v2\/tags?post=20668"}],"curies":[{"name":"wp","href":"https:\/\/api.w.org\/{rel}","templated":true}]}}