{"id":20673,"date":"2020-01-02T14:28:51","date_gmt":"2020-01-02T17:28:51","guid":{"rendered":"https:\/\/www.portalalerta.com.br\/?p=20673"},"modified":"2020-01-02T14:28:51","modified_gmt":"2020-01-02T17:28:51","slug":"policiais-civis-e-guardas-municipais-prendem-acusado-de-roubos-em-tucano-ba","status":"publish","type":"post","link":"https:\/\/www.portalalerta.com.br\/index.php\/2020\/01\/02\/policiais-civis-e-guardas-municipais-prendem-acusado-de-roubos-em-tucano-ba\/","title":{"rendered":"Policiais civis e Guardas Municipais prendem acusado de roubos, em Tucano-BA"},"content":{"rendered":"<p style=\"text-align: justify;\">Na \u00faltima ter\u00e7a-feira, 31, uma a\u00e7\u00e3o conjunta entre policiais civis da 25\u00aa COORPIN e Guardas Civis Municipais de Tucano-BA, culminou na pris\u00e3o de Jos\u00e9 Ant\u00f4nio Jesus de Souza (Dindinho).<!--more--><\/p>\n<p style=\"text-align: justify;\"><img fetchpriority=\"high\" decoding=\"async\" class=\"size-thumbnail wp-image-4869 aligncenter\" src=\"https:\/\/www.portalalerta.com.br\/wp-content\/uploads\/2018\/02\/Auto-Escola-Nobre-720x181.jpg\" alt=\"\" width=\"720\" height=\"181\" srcset=\"https:\/\/www.portalalerta.com.br\/wp-content\/uploads\/2018\/02\/Auto-Escola-Nobre.jpg 720w, https:\/\/www.portalalerta.com.br\/wp-content\/uploads\/2018\/02\/Auto-Escola-Nobre-260x65.jpg 260w, https:\/\/www.portalalerta.com.br\/wp-content\/uploads\/2018\/02\/Auto-Escola-Nobre-50x13.jpg 50w, https:\/\/www.portalalerta.com.br\/wp-content\/uploads\/2018\/02\/Auto-Escola-Nobre-150x38.jpg 150w\" sizes=\"(max-width: 720px) 100vw, 720px\" \/>Contra \u201cDindinho\u201d havia dois mandados de pris\u00e3o em aberto, pelas pr\u00e1ticas de furto e roubo.<\/p>\n<p style=\"text-align: justify;\">Ap\u00f3s a pris\u00e3o, o agora capturado, foi conduzido para o Complexo Policial de Euclides da Cunha-BA, onde se encontra \u00e0 disposi\u00e7\u00e3o da justi\u00e7a.<\/p>\n<figure id=\"attachment_20674\" aria-describedby=\"caption-attachment-20674\" style=\"width: 720px\" class=\"wp-caption aligncenter\"><img decoding=\"async\" class=\"wp-image-20674 size-full\" src=\"https:\/\/www.portalalerta.com.br\/wp-content\/uploads\/2020\/01\/Jos\u00e9-Antonio-de-Jesus-Sousa-Dindinho.jpeg\" alt=\"\" width=\"720\" height=\"596\" srcset=\"https:\/\/www.portalalerta.com.br\/wp-content\/uploads\/2020\/01\/Jos\u00e9-Antonio-de-Jesus-Sousa-Dindinho.jpeg 720w, https:\/\/www.portalalerta.com.br\/wp-content\/uploads\/2020\/01\/Jos\u00e9-Antonio-de-Jesus-Sousa-Dindinho-290x240.jpeg 290w, https:\/\/www.portalalerta.com.br\/wp-content\/uploads\/2020\/01\/Jos\u00e9-Antonio-de-Jesus-Sousa-Dindinho-176x146.jpeg 176w, https:\/\/www.portalalerta.com.br\/wp-content\/uploads\/2020\/01\/Jos\u00e9-Antonio-de-Jesus-Sousa-Dindinho-50x41.jpeg 50w, https:\/\/www.portalalerta.com.br\/wp-content\/uploads\/2020\/01\/Jos\u00e9-Antonio-de-Jesus-Sousa-Dindinho-91x75.jpeg 91w\" sizes=\"(max-width: 720px) 100vw, 720px\" \/><figcaption id=\"caption-attachment-20674\" class=\"wp-caption-text\">&#8220;Dindinho&#8221; \u00e9 acusado de cometer furtos e roubos<\/figcaption><\/figure>\n<p style=\"text-align: justify;\">Reda\u00e7\u00e3o: Portal Alerta<\/p>\n","protected":false},"excerpt":{"rendered":"<p>Na \u00faltima ter\u00e7a-feira, 31, uma a\u00e7\u00e3o conjunta entre policiais civis da 25\u00aa COORPIN e Guardas Civis Municipais de Tucano-BA, culminou na pris\u00e3o de Jos\u00e9 Ant\u00f4nio Jesus de Souza (Dindinho).<\/p>\n","protected":false},"author":2,"featured_media":75,"comment_status":"open","ping_status":"open","sticky":false,"template":"","format":"standard","meta":{"om_disable_all_campaigns":false,"_monsterinsights_skip_tracking":false,"_monsterinsights_sitenote_active":false,"_monsterinsights_sitenote_note":"","_monsterinsights_sitenote_category":0,"footnotes":""},"categories":[70,69,32,22,12],"tags":[85,313,488,122,77,367,190],"class_list":["post-20673","post","type-post","status-publish","format-standard","has-post-thumbnail","hentry","category-destaques","category-noticias2","category-regiao","category-seguranca","category-tucano","tag-furto","tag-gcm","tag-mandado-de-prisao","tag-policia-civil","tag-preso","tag-roubo","tag-tucano"],"aioseo_notices":[],"_links":{"self":[{"href":"https:\/\/www.portalalerta.com.br\/index.php\/wp-json\/wp\/v2\/posts\/20673","targetHints":{"allow":["GET"]}}],"collection":[{"href":"https:\/\/www.portalalerta.com.br\/index.php\/wp-json\/wp\/v2\/posts"}],"about":[{"href":"https:\/\/www.portalalerta.com.br\/index.php\/wp-json\/wp\/v2\/types\/post"}],"author":[{"embeddable":true,"href":"https:\/\/www.portalalerta.com.br\/index.php\/wp-json\/wp\/v2\/users\/2"}],"replies":[{"embeddable":true,"href":"https:\/\/www.portalalerta.com.br\/index.php\/wp-json\/wp\/v2\/comments?post=20673"}],"version-history":[{"count":1,"href":"https:\/\/www.portalalerta.com.br\/index.php\/wp-json\/wp\/v2\/posts\/20673\/revisions"}],"predecessor-version":[{"id":20675,"href":"https:\/\/www.portalalerta.com.br\/index.php\/wp-json\/wp\/v2\/posts\/20673\/revisions\/20675"}],"wp:featuredmedia":[{"embeddable":true,"href":"https:\/\/www.portalalerta.com.br\/index.php\/wp-json\/wp\/v2\/media\/75"}],"wp:attachment":[{"href":"https:\/\/www.portalalerta.com.br\/index.php\/wp-json\/wp\/v2\/media?parent=20673"}],"wp:term":[{"taxonomy":"category","embeddable":true,"href":"https:\/\/www.portalalerta.com.br\/index.php\/wp-json\/wp\/v2\/categories?post=20673"},{"taxonomy":"post_tag","embeddable":true,"href":"https:\/\/www.portalalerta.com.br\/index.php\/wp-json\/wp\/v2\/tags?post=20673"}],"curies":[{"name":"wp","href":"https:\/\/api.w.org\/{rel}","templated":true}]}}