{"id":20676,"date":"2020-01-02T14:54:04","date_gmt":"2020-01-02T17:54:04","guid":{"rendered":"https:\/\/www.portalalerta.com.br\/?p=20676"},"modified":"2020-01-02T14:54:04","modified_gmt":"2020-01-02T17:54:04","slug":"policia-recupera-motocicleta-horas-apos-ter-sido-furtada-em-nova-soure-ba","status":"publish","type":"post","link":"https:\/\/www.portalalerta.com.br\/index.php\/2020\/01\/02\/policia-recupera-motocicleta-horas-apos-ter-sido-furtada-em-nova-soure-ba\/","title":{"rendered":"Pol\u00edcia recupera motocicleta, horas ap\u00f3s ter sido furtada em Nova Soure-BA"},"content":{"rendered":"<p style=\"text-align: justify;\">Na manh\u00e3 da \u00faltima quarta-feira, 1\u00ba, policiais militares do 1\u00ba Pelot\u00e3o\/ Nova Soure-BA, foram informados de um furto de uma motocicleta, ocorrido na Rua Presidente Vargas, regi\u00e3o central da cidade.<!--more--><\/p>\n<p style=\"text-align: justify;\"><img fetchpriority=\"high\" decoding=\"async\" class=\"size-thumbnail wp-image-20354 aligncenter\" src=\"https:\/\/www.portalalerta.com.br\/wp-content\/uploads\/2019\/12\/Real-Natal-2019-720x222.jpeg\" alt=\"\" width=\"720\" height=\"222\" \/>De acordo com a v\u00edtima, o ve\u00edculo estava em frente a resid\u00eancia da sua genitora, e o autor do furto, teria sido seu pr\u00f3prio enteado, conhecido pelo prenome Alyson. Ainda aos policiais, a v\u00edtima afirmou que possivelmente a motocicleta seria levada para uma localidade conhecida como Ponte de Neto.<\/p>\n<p style=\"text-align: justify;\">Os militares seguiram para o local, onde encontraram o ve\u00edculo em quest\u00e3o. Foram realizadas buscas, por\u00e9m o autor n\u00e3o foi encontrado. A motocicleta foi devolvida ao propriet\u00e1rio, que foi orientado a registrar o caso na Delegacia de Pol\u00edcia Civil local.<\/p>\n<p style=\"text-align: justify;\"><em>Reda\u00e7\u00e3o: Portal Alerta \u00a0<\/em><\/p>\n","protected":false},"excerpt":{"rendered":"<p>Na manh\u00e3 da \u00faltima quarta-feira, 1\u00ba, policiais militares do 1\u00ba Pelot\u00e3o\/ Nova Soure-BA, foram informados de um furto de uma motocicleta, ocorrido na Rua Presidente Vargas, regi\u00e3o central da cidade.<\/p>\n","protected":false},"author":2,"featured_media":20677,"comment_status":"open","ping_status":"open","sticky":false,"template":"","format":"standard","meta":{"om_disable_all_campaigns":false,"_monsterinsights_skip_tracking":false,"_monsterinsights_sitenote_active":false,"_monsterinsights_sitenote_note":"","_monsterinsights_sitenote_category":0,"footnotes":""},"categories":[70,69,14,32,22],"tags":[85,1531,106,79,102],"class_list":["post-20676","post","type-post","status-publish","format-standard","has-post-thumbnail","hentry","category-destaques","category-noticias2","category-nova-soure","category-regiao","category-seguranca","tag-furto","tag-furto-de-moto","tag-nova-soure","tag-policia-militar","tag-veiculo-recuperado"],"aioseo_notices":[],"_links":{"self":[{"href":"https:\/\/www.portalalerta.com.br\/index.php\/wp-json\/wp\/v2\/posts\/20676","targetHints":{"allow":["GET"]}}],"collection":[{"href":"https:\/\/www.portalalerta.com.br\/index.php\/wp-json\/wp\/v2\/posts"}],"about":[{"href":"https:\/\/www.portalalerta.com.br\/index.php\/wp-json\/wp\/v2\/types\/post"}],"author":[{"embeddable":true,"href":"https:\/\/www.portalalerta.com.br\/index.php\/wp-json\/wp\/v2\/users\/2"}],"replies":[{"embeddable":true,"href":"https:\/\/www.portalalerta.com.br\/index.php\/wp-json\/wp\/v2\/comments?post=20676"}],"version-history":[{"count":1,"href":"https:\/\/www.portalalerta.com.br\/index.php\/wp-json\/wp\/v2\/posts\/20676\/revisions"}],"predecessor-version":[{"id":20678,"href":"https:\/\/www.portalalerta.com.br\/index.php\/wp-json\/wp\/v2\/posts\/20676\/revisions\/20678"}],"wp:featuredmedia":[{"embeddable":true,"href":"https:\/\/www.portalalerta.com.br\/index.php\/wp-json\/wp\/v2\/media\/20677"}],"wp:attachment":[{"href":"https:\/\/www.portalalerta.com.br\/index.php\/wp-json\/wp\/v2\/media?parent=20676"}],"wp:term":[{"taxonomy":"category","embeddable":true,"href":"https:\/\/www.portalalerta.com.br\/index.php\/wp-json\/wp\/v2\/categories?post=20676"},{"taxonomy":"post_tag","embeddable":true,"href":"https:\/\/www.portalalerta.com.br\/index.php\/wp-json\/wp\/v2\/tags?post=20676"}],"curies":[{"name":"wp","href":"https:\/\/api.w.org\/{rel}","templated":true}]}}