{"id":20679,"date":"2020-01-02T15:14:55","date_gmt":"2020-01-02T18:14:55","guid":{"rendered":"https:\/\/www.portalalerta.com.br\/?p=20679"},"modified":"2020-01-02T15:14:55","modified_gmt":"2020-01-02T18:14:55","slug":"adustina-ba-registra-o-primeiro-feminicidio-do-ano-autor-foi-preso","status":"publish","type":"post","link":"https:\/\/www.portalalerta.com.br\/index.php\/2020\/01\/02\/adustina-ba-registra-o-primeiro-feminicidio-do-ano-autor-foi-preso\/","title":{"rendered":"Adustina-BA registra o primeiro feminic\u00eddio do ano. Autor foi preso!"},"content":{"rendered":"<p style=\"text-align: justify;\">Por volta das 20:00hs da \u00faltima quarta-feira, 1\u00ba, policiais militares de Adustina-BA, foram informados de que uma mulher havia sido assassinada na Rua Francisco Vieira de Andrade, regi\u00e3o central da cidade.<!--more--><\/p>\n<p style=\"text-align: justify;\">Os militares seguiram para o local, onde constataram a veracidade do fato. A v\u00edtima foi identificada como Josefa dos Santos, 46 anos, que teria sido atingida por uma pedrada, desferida pelo seu companheiro, sendo que este ap\u00f3s o crime, se dirigiu para a sua pr\u00f3pria resid\u00eancia. Os militares seguiram para o local, onde encontraram o autor, cuja identidade n\u00e3o foi divulgada.<\/p>\n<p style=\"text-align: justify;\"><img fetchpriority=\"high\" decoding=\"async\" class=\"size-thumbnail wp-image-4869 aligncenter\" src=\"https:\/\/www.portalalerta.com.br\/wp-content\/uploads\/2018\/02\/Auto-Escola-Nobre-720x181.jpg\" alt=\"\" width=\"720\" height=\"181\" srcset=\"https:\/\/www.portalalerta.com.br\/wp-content\/uploads\/2018\/02\/Auto-Escola-Nobre.jpg 720w, https:\/\/www.portalalerta.com.br\/wp-content\/uploads\/2018\/02\/Auto-Escola-Nobre-260x65.jpg 260w, https:\/\/www.portalalerta.com.br\/wp-content\/uploads\/2018\/02\/Auto-Escola-Nobre-50x13.jpg 50w, https:\/\/www.portalalerta.com.br\/wp-content\/uploads\/2018\/02\/Auto-Escola-Nobre-150x38.jpg 150w\" sizes=\"(max-width: 720px) 100vw, 720px\" \/>O caso foi informado ao Departamento de Pol\u00edcia T\u00e9cnica (DPT \u2013 Euclides da Cunha), para a realiza\u00e7\u00e3o da per\u00edcia, bem como a remo\u00e7\u00e3o do corpo para ser autopsiado. Quanto ao autor, foi conduzido para a Delegacia de Pol\u00edcia Civil, onde foi lavrado o flagrante.<\/p>\n<p style=\"text-align: justify;\">Este \u00e9 o primeiro assassinato registrado no munic\u00edpio, em 2020.<\/p>\n<p style=\"text-align: justify;\"><em>Reda\u00e7\u00e3o: Portal Alerta <\/em><\/p>\n","protected":false},"excerpt":{"rendered":"<p>Por volta das 20:00hs da \u00faltima quarta-feira, 1\u00ba, policiais militares de Adustina-BA, foram informados de que uma mulher havia sido assassinada na Rua Francisco Vieira de Andrade, regi\u00e3o central da cidade.<\/p>\n","protected":false},"author":2,"featured_media":18412,"comment_status":"open","ping_status":"open","sticky":false,"template":"","format":"standard","meta":{"om_disable_all_campaigns":false,"_monsterinsights_skip_tracking":false,"_monsterinsights_sitenote_active":false,"_monsterinsights_sitenote_note":"","_monsterinsights_sitenote_category":0,"footnotes":""},"categories":[40,70,69,32,22],"tags":[100,222,258,206,79,77],"class_list":["post-20679","post","type-post","status-publish","format-standard","has-post-thumbnail","hentry","category-adustina","category-destaques","category-noticias2","category-regiao","category-seguranca","tag-adustina","tag-feminicidio","tag-homicida","tag-homicidio","tag-policia-militar","tag-preso"],"aioseo_notices":[],"_links":{"self":[{"href":"https:\/\/www.portalalerta.com.br\/index.php\/wp-json\/wp\/v2\/posts\/20679","targetHints":{"allow":["GET"]}}],"collection":[{"href":"https:\/\/www.portalalerta.com.br\/index.php\/wp-json\/wp\/v2\/posts"}],"about":[{"href":"https:\/\/www.portalalerta.com.br\/index.php\/wp-json\/wp\/v2\/types\/post"}],"author":[{"embeddable":true,"href":"https:\/\/www.portalalerta.com.br\/index.php\/wp-json\/wp\/v2\/users\/2"}],"replies":[{"embeddable":true,"href":"https:\/\/www.portalalerta.com.br\/index.php\/wp-json\/wp\/v2\/comments?post=20679"}],"version-history":[{"count":1,"href":"https:\/\/www.portalalerta.com.br\/index.php\/wp-json\/wp\/v2\/posts\/20679\/revisions"}],"predecessor-version":[{"id":20680,"href":"https:\/\/www.portalalerta.com.br\/index.php\/wp-json\/wp\/v2\/posts\/20679\/revisions\/20680"}],"wp:featuredmedia":[{"embeddable":true,"href":"https:\/\/www.portalalerta.com.br\/index.php\/wp-json\/wp\/v2\/media\/18412"}],"wp:attachment":[{"href":"https:\/\/www.portalalerta.com.br\/index.php\/wp-json\/wp\/v2\/media?parent=20679"}],"wp:term":[{"taxonomy":"category","embeddable":true,"href":"https:\/\/www.portalalerta.com.br\/index.php\/wp-json\/wp\/v2\/categories?post=20679"},{"taxonomy":"post_tag","embeddable":true,"href":"https:\/\/www.portalalerta.com.br\/index.php\/wp-json\/wp\/v2\/tags?post=20679"}],"curies":[{"name":"wp","href":"https:\/\/api.w.org\/{rel}","templated":true}]}}