{"id":20681,"date":"2020-01-02T15:32:44","date_gmt":"2020-01-02T18:32:44","guid":{"rendered":"https:\/\/www.portalalerta.com.br\/?p=20681"},"modified":"2020-01-02T15:32:44","modified_gmt":"2020-01-02T18:32:44","slug":"jovem-pombalense-necessita-de-doacao-de-sangue-em-salvador-ba","status":"publish","type":"post","link":"https:\/\/www.portalalerta.com.br\/index.php\/2020\/01\/02\/jovem-pombalense-necessita-de-doacao-de-sangue-em-salvador-ba\/","title":{"rendered":"Jovem Pombalense necessita de doa\u00e7\u00e3o de sangue, em Salvador-BA"},"content":{"rendered":"<p style=\"text-align: justify;\">Familiares da jovem pombalense Larissa Silva de Oliveira iniciaram uma campanha nas redes sociais, para doa\u00e7\u00e3o de sangue em favor da garota.<!--more--><\/p>\n<p style=\"text-align: justify;\"><img fetchpriority=\"high\" decoding=\"async\" class=\"size-full wp-image-2902 alignleft\" src=\"https:\/\/www.portalalerta.com.br\/wp-content\/uploads\/2017\/11\/elab-2.jpg\" alt=\"\" width=\"310\" height=\"200\" srcset=\"https:\/\/www.portalalerta.com.br\/wp-content\/uploads\/2017\/11\/elab-2.jpg 310w, https:\/\/www.portalalerta.com.br\/wp-content\/uploads\/2017\/11\/elab-2-226x146.jpg 226w, https:\/\/www.portalalerta.com.br\/wp-content\/uploads\/2017\/11\/elab-2-50x32.jpg 50w, https:\/\/www.portalalerta.com.br\/wp-content\/uploads\/2017\/11\/elab-2-116x75.jpg 116w\" sizes=\"(max-width: 310px) 100vw, 310px\" \/>De acordo com relatos de familiares, Larissa se encontra internada no Hospital Aristides Maltez, na Capital Baiana, onde se trata de uma Leucemia.<\/p>\n<p style=\"text-align: justify;\">Os doadores dever\u00e3o se dirigir at\u00e9 o IHEBA (Instituto de Hematologia da Bahia), localizado no bairro Nazar\u00e9, tamb\u00e9m na capital baiana, onde dever\u00e3o fazer suas doa\u00e7\u00f5es, sendo aceito qualquer tipo sangu\u00edneo.<\/p>\n<p style=\"text-align: justify;\">Doe Sangue, Doe Vida!<\/p>\n<p style=\"text-align: justify;\"><em>Reda\u00e7\u00e3o: Portal Alerta<\/em><\/p>\n","protected":false},"excerpt":{"rendered":"<p>Familiares da jovem pombalense Larissa Silva de Oliveira iniciaram uma campanha nas redes sociais, para doa\u00e7\u00e3o de sangue em favor da garota.<\/p>\n","protected":false},"author":2,"featured_media":20682,"comment_status":"open","ping_status":"open","sticky":false,"template":"","format":"standard","meta":{"om_disable_all_campaigns":false,"_monsterinsights_skip_tracking":false,"_monsterinsights_sitenote_active":false,"_monsterinsights_sitenote_note":"","_monsterinsights_sitenote_category":0,"footnotes":""},"categories":[70,69,32,3,19],"tags":[54,2113,2665,47,330],"class_list":["post-20681","post","type-post","status-publish","format-standard","has-post-thumbnail","hentry","category-destaques","category-noticias2","category-regiao","category-ribeira-do-pombal","category-saude","tag-bahia","tag-doacao-de-sangue","tag-leucemia","tag-ribeira-do-pombal","tag-salvador"],"aioseo_notices":[],"_links":{"self":[{"href":"https:\/\/www.portalalerta.com.br\/index.php\/wp-json\/wp\/v2\/posts\/20681","targetHints":{"allow":["GET"]}}],"collection":[{"href":"https:\/\/www.portalalerta.com.br\/index.php\/wp-json\/wp\/v2\/posts"}],"about":[{"href":"https:\/\/www.portalalerta.com.br\/index.php\/wp-json\/wp\/v2\/types\/post"}],"author":[{"embeddable":true,"href":"https:\/\/www.portalalerta.com.br\/index.php\/wp-json\/wp\/v2\/users\/2"}],"replies":[{"embeddable":true,"href":"https:\/\/www.portalalerta.com.br\/index.php\/wp-json\/wp\/v2\/comments?post=20681"}],"version-history":[{"count":2,"href":"https:\/\/www.portalalerta.com.br\/index.php\/wp-json\/wp\/v2\/posts\/20681\/revisions"}],"predecessor-version":[{"id":20684,"href":"https:\/\/www.portalalerta.com.br\/index.php\/wp-json\/wp\/v2\/posts\/20681\/revisions\/20684"}],"wp:featuredmedia":[{"embeddable":true,"href":"https:\/\/www.portalalerta.com.br\/index.php\/wp-json\/wp\/v2\/media\/20682"}],"wp:attachment":[{"href":"https:\/\/www.portalalerta.com.br\/index.php\/wp-json\/wp\/v2\/media?parent=20681"}],"wp:term":[{"taxonomy":"category","embeddable":true,"href":"https:\/\/www.portalalerta.com.br\/index.php\/wp-json\/wp\/v2\/categories?post=20681"},{"taxonomy":"post_tag","embeddable":true,"href":"https:\/\/www.portalalerta.com.br\/index.php\/wp-json\/wp\/v2\/tags?post=20681"}],"curies":[{"name":"wp","href":"https:\/\/api.w.org\/{rel}","templated":true}]}}