{"id":20686,"date":"2020-01-03T13:52:55","date_gmt":"2020-01-03T16:52:55","guid":{"rendered":"https:\/\/www.portalalerta.com.br\/?p=20686"},"modified":"2020-01-03T13:52:55","modified_gmt":"2020-01-03T16:52:55","slug":"casal-e-preso-com-fuzis-carregadores-municoes-e-cocaina-escondidos-dentro-de-caminhonete-na-bahia","status":"publish","type":"post","link":"https:\/\/www.portalalerta.com.br\/index.php\/2020\/01\/03\/casal-e-preso-com-fuzis-carregadores-municoes-e-cocaina-escondidos-dentro-de-caminhonete-na-bahia\/","title":{"rendered":"Casal \u00e9 preso com fuzis, carregadores, muni\u00e7\u00f5es e coca\u00edna escondidos dentro de caminhonete na Bahia"},"content":{"rendered":"<p style=\"text-align: justify;\">A Pol\u00edcia Rodovi\u00e1ria Federal apreendeu dois fuzis, tr\u00eas carregadores, cerca de 132 muni\u00e7\u00f5es calibre 5.56 e aproximadamente 19 quilos de coca\u00edna. A a\u00e7\u00e3o aconteceu na noite da ter\u00e7a-feira (31), durante fiscaliza\u00e7\u00e3o da PRF no Km 429 da BR 116, trecho do munic\u00edpio baiano de Feira de Santana. Um casal foi preso.<!--more--><\/p>\n<p style=\"text-align: justify;\">Os policiais realizavam fiscaliza\u00e7\u00e3o de combate \u00e0 criminalidade, quando deram ordem de parada ao ve\u00edculo Toyota\/ Hilux CD, conduzido por um homem de 30 anos. Inicialmente, os PRFs solicitaram os documentos do ve\u00edculo e do motorista e perceberam um certo nervosismo do ocupante. Ele estava acompanhado da esposa e um filho.<\/p>\n<p style=\"text-align: justify;\"><img fetchpriority=\"high\" decoding=\"async\" class=\"size-thumbnail wp-image-20354 aligncenter\" src=\"https:\/\/www.portalalerta.com.br\/wp-content\/uploads\/2019\/12\/Real-Natal-2019-720x222.jpeg\" alt=\"\" width=\"720\" height=\"222\" \/>Diante das contradi\u00e7\u00f5es e respostas desencontradas do homem, os agentes decidiram aprofundar a fiscaliza\u00e7\u00e3o na Hilux e encontraram o arsenal b\u00e9lico (fuzis, carregadores e muni\u00e7\u00f5es) e os tabletes de coca\u00edna. Todo o material estava escondido de forma secreta no assoalho do compartimento de carga da caminhonete.<\/p>\n<p style=\"text-align: justify;\">O casal foi preso em flagrante delito e conduzido com o material apreendido \u00e0 Delegacia de Pol\u00edcia Civil em Feira de Santana (BA).<\/p>\n<p style=\"text-align: justify;\">A PRF na Bahia informa que intensificou a fiscaliza\u00e7\u00e3o nos 10.000 quil\u00f4metros de rodovias federais que cortam o estado. Para isso, equipes est\u00e3o concentradas e realizando policiamento orientado em locais e hor\u00e1rios de maior incid\u00eancia de acidentes graves e de criminalidade.<\/p>\n<p style=\"text-align: justify;\">Para informa\u00e7\u00f5es, den\u00fancias, comunica\u00e7\u00e3o de crimes e acidentes a PRF disp\u00f5e do n\u00famero de emerg\u00eancia 191. A liga\u00e7\u00e3o \u00e9 gratuita e atende 24 horas em qualquer parte do Pa\u00eds.<\/p>\n<p style=\"text-align: justify;\">Fonte: Gazeta do Mel<\/p>\n<p style=\"text-align: justify;\">Com informa\u00e7\u00f5es: NUCOM BA<\/p>\n","protected":false},"excerpt":{"rendered":"<p>A Pol\u00edcia Rodovi\u00e1ria Federal apreendeu dois fuzis, tr\u00eas carregadores, cerca de 132 muni\u00e7\u00f5es calibre 5.56 e aproximadamente 19 quilos de coca\u00edna. A a\u00e7\u00e3o aconteceu na noite da ter\u00e7a-feira (31), durante fiscaliza\u00e7\u00e3o da PRF no Km 429 da BR 116, trecho do munic\u00edpio baiano de Feira de Santana. Um casal foi preso.<\/p>\n","protected":false},"author":2,"featured_media":20687,"comment_status":"open","ping_status":"open","sticky":false,"template":"","format":"standard","meta":{"om_disable_all_campaigns":false,"_monsterinsights_skip_tracking":false,"_monsterinsights_sitenote_active":false,"_monsterinsights_sitenote_note":"","_monsterinsights_sitenote_category":0,"footnotes":""},"categories":[33,70,69,22],"tags":[54,289,377,110,149,651,76],"class_list":["post-20686","post","type-post","status-publish","format-standard","has-post-thumbnail","hentry","category-bahia","category-destaques","category-noticias2","category-seguranca","tag-bahia","tag-br-116","tag-feira-de-santana","tag-presos","tag-prf","tag-trafico-de-armas","tag-trafico-de-drogas"],"aioseo_notices":[],"_links":{"self":[{"href":"https:\/\/www.portalalerta.com.br\/index.php\/wp-json\/wp\/v2\/posts\/20686","targetHints":{"allow":["GET"]}}],"collection":[{"href":"https:\/\/www.portalalerta.com.br\/index.php\/wp-json\/wp\/v2\/posts"}],"about":[{"href":"https:\/\/www.portalalerta.com.br\/index.php\/wp-json\/wp\/v2\/types\/post"}],"author":[{"embeddable":true,"href":"https:\/\/www.portalalerta.com.br\/index.php\/wp-json\/wp\/v2\/users\/2"}],"replies":[{"embeddable":true,"href":"https:\/\/www.portalalerta.com.br\/index.php\/wp-json\/wp\/v2\/comments?post=20686"}],"version-history":[{"count":1,"href":"https:\/\/www.portalalerta.com.br\/index.php\/wp-json\/wp\/v2\/posts\/20686\/revisions"}],"predecessor-version":[{"id":20688,"href":"https:\/\/www.portalalerta.com.br\/index.php\/wp-json\/wp\/v2\/posts\/20686\/revisions\/20688"}],"wp:featuredmedia":[{"embeddable":true,"href":"https:\/\/www.portalalerta.com.br\/index.php\/wp-json\/wp\/v2\/media\/20687"}],"wp:attachment":[{"href":"https:\/\/www.portalalerta.com.br\/index.php\/wp-json\/wp\/v2\/media?parent=20686"}],"wp:term":[{"taxonomy":"category","embeddable":true,"href":"https:\/\/www.portalalerta.com.br\/index.php\/wp-json\/wp\/v2\/categories?post=20686"},{"taxonomy":"post_tag","embeddable":true,"href":"https:\/\/www.portalalerta.com.br\/index.php\/wp-json\/wp\/v2\/tags?post=20686"}],"curies":[{"name":"wp","href":"https:\/\/api.w.org\/{rel}","templated":true}]}}