{"id":20689,"date":"2020-01-03T14:03:13","date_gmt":"2020-01-03T17:03:13","guid":{"rendered":"https:\/\/www.portalalerta.com.br\/?p=20689"},"modified":"2020-01-03T14:03:13","modified_gmt":"2020-01-03T17:03:13","slug":"agenda-positiva-2020-em-ribeira-do-pombal-ba","status":"publish","type":"post","link":"https:\/\/www.portalalerta.com.br\/index.php\/2020\/01\/03\/agenda-positiva-2020-em-ribeira-do-pombal-ba\/","title":{"rendered":"Agenda Positiva 2020, em Ribeira do Pombal-BA"},"content":{"rendered":"<p style=\"text-align: justify;\">O munic\u00edpio de Ribeira do Pombal-BA, em 2020, no \u00faltimo ano da gest\u00e3o do Prefeito Ricardo Maia, como j\u00e1 aconteceu em anos anteriores, vai ter uma Agenda Positiva recheada de inaugura\u00e7\u00f5es e entregas de obras para a popula\u00e7\u00e3o.\u00a0<!--more--><\/p>\n<p style=\"text-align: justify;\">Em fase final de conclus\u00e3o o condom\u00ednio, com 500 apartamentos, do Programa Minha Casa Minha Vida, que dentro em breve as chaves ser\u00e3o entregues aos seus futuros moradores. As obras de revitaliza\u00e7\u00e3o dos a\u00e7udes, sede e povoados,\u00a0est\u00e3o em andamento, al\u00e9m da urbaniza\u00e7\u00e3o da orla do a\u00e7ude da sede, que modificar\u00e1\u00a0por completo uma das regi\u00f5es mais necessitadas da interven\u00e7\u00e3o p\u00fablica da cidade.<\/p>\n<p style=\"text-align: justify;\"><img fetchpriority=\"high\" decoding=\"async\" class=\"size-full wp-image-2902 alignleft\" src=\"https:\/\/www.portalalerta.com.br\/wp-content\/uploads\/2017\/11\/elab-2.jpg\" alt=\"\" width=\"310\" height=\"200\" srcset=\"https:\/\/www.portalalerta.com.br\/wp-content\/uploads\/2017\/11\/elab-2.jpg 310w, https:\/\/www.portalalerta.com.br\/wp-content\/uploads\/2017\/11\/elab-2-226x146.jpg 226w, https:\/\/www.portalalerta.com.br\/wp-content\/uploads\/2017\/11\/elab-2-50x32.jpg 50w, https:\/\/www.portalalerta.com.br\/wp-content\/uploads\/2017\/11\/elab-2-116x75.jpg 116w\" sizes=\"(max-width: 310px) 100vw, 310px\" \/>Em termos de sa\u00fade, al\u00e9m da mais PSF e UBS, a grande expectativa sobre a amplia\u00e7\u00e3o e reforma do Hospital Geral Santa Tereza, com Ordem de Servi\u00e7o j\u00e1 assinada pelo Governador Rui Costa, para in\u00edcio em breve, e Policl\u00ednica Regional, com processo licitat\u00f3rio em andamento. Lembrando que na amplia\u00e7\u00e3o no HGST ser\u00e1 constru\u00edda uma maternidade para partos naturais. Feira de Sa\u00fade e Mutir\u00f5es v\u00e3o continuar acontecendo durante todo o ano.<\/p>\n<p style=\"text-align: justify;\">Ricardo Maia garantiu que at\u00e9 o final deste ano conclui a sua meta de 100% pavimenta\u00e7\u00e3o da sede, e sem esquecer os povoados e comunidades, nos quais novas pavimenta\u00e7\u00f5es ser\u00e3o conclu\u00eddas, al\u00e9m de mais algumas pra\u00e7as. A sinaliza\u00e7\u00e3o do tr\u00e2nsito est\u00e1 autorizada pelo Governo do Estado. O programa municipal Morar Melhor vai continuar reformando casas de fam\u00edlias carentes. O pr\u00e9dio mais moderno do munic\u00edpio ser\u00e1 constru\u00eddo em substitui\u00e7\u00e3o a Escola Hildete Lomanto. Ser\u00e1 padr\u00e3o FNDE.<\/p>\n<p style=\"text-align: justify;\">As festas tradicionais dos povoados e comunidades estar\u00e3o sendo realizadas, sem esquecer a Ressaca Junina, Cultureira, Anivers\u00e1rio da Cidade, Exposi\u00e7\u00e3o Agropecu\u00e1ria, Vaquejada, e uma grandiosa Festa de Outubro.\u00a0\u00a0Em 2020 tem mais uma edi\u00e7\u00e3o da Copa Rural com total apoio da Prefeitura, apoio este que tamb\u00e9m se faz presente em outras atividades esportivas praticadas em nosso munic\u00edpio.<\/p>\n<p style=\"text-align: justify;\">No \u00faltimo dia do ano de 2019, Ricardo Maia, em encontro com familiares, amigos e correligion\u00e1rios, anunciou que a \u00faltima obra da sua gest\u00e3o ser\u00e1 a constru\u00e7\u00e3o da \u201cNova Feira Livre da Cidade\u201d , que vai englobar toda \u00e1rea da mesma indo at\u00e9 a urbaniza\u00e7\u00e3o da orla do a\u00e7ude, mudando por completo o visual da regi\u00e3o em quest\u00e3o.\u00a0Sobre pol\u00edtica Ricardo Maia disse que\u201d o candidato a prefeito do grupo pol\u00edtico ser\u00e1 um nome n\u00e3o o melhor para ele, e sim o melhor para Ribeira do Pombal\u201d, e ser\u00e1 anunciado em breve.<\/p>\n<p style=\"text-align: justify;\"><em>Fonte: Joilson Costa<\/em><\/p>\n","protected":false},"excerpt":{"rendered":"<p>O munic\u00edpio de Ribeira do Pombal-BA, em 2020, no \u00faltimo ano da gest\u00e3o do Prefeito Ricardo Maia, como j\u00e1 aconteceu em anos anteriores, vai ter uma Agenda Positiva recheada de inaugura\u00e7\u00f5es e entregas de obras para a popula\u00e7\u00e3o.\u00a0<\/p>\n","protected":false},"author":2,"featured_media":3952,"comment_status":"open","ping_status":"open","sticky":false,"template":"","format":"standard","meta":{"om_disable_all_campaigns":false,"_monsterinsights_skip_tracking":false,"_monsterinsights_sitenote_active":false,"_monsterinsights_sitenote_note":"","_monsterinsights_sitenote_category":0,"footnotes":""},"categories":[70,69,21,32,3],"tags":[2069,1501,198,145,47,146],"class_list":["post-20689","post","type-post","status-publish","format-standard","has-post-thumbnail","hentry","category-destaques","category-noticias2","category-politica","category-regiao","category-ribeira-do-pombal","tag-2069","tag-agenda-positiva","tag-prefeito","tag-prefeitura","tag-ribeira-do-pombal","tag-ricardo-maia"],"aioseo_notices":[],"_links":{"self":[{"href":"https:\/\/www.portalalerta.com.br\/index.php\/wp-json\/wp\/v2\/posts\/20689","targetHints":{"allow":["GET"]}}],"collection":[{"href":"https:\/\/www.portalalerta.com.br\/index.php\/wp-json\/wp\/v2\/posts"}],"about":[{"href":"https:\/\/www.portalalerta.com.br\/index.php\/wp-json\/wp\/v2\/types\/post"}],"author":[{"embeddable":true,"href":"https:\/\/www.portalalerta.com.br\/index.php\/wp-json\/wp\/v2\/users\/2"}],"replies":[{"embeddable":true,"href":"https:\/\/www.portalalerta.com.br\/index.php\/wp-json\/wp\/v2\/comments?post=20689"}],"version-history":[{"count":1,"href":"https:\/\/www.portalalerta.com.br\/index.php\/wp-json\/wp\/v2\/posts\/20689\/revisions"}],"predecessor-version":[{"id":20690,"href":"https:\/\/www.portalalerta.com.br\/index.php\/wp-json\/wp\/v2\/posts\/20689\/revisions\/20690"}],"wp:featuredmedia":[{"embeddable":true,"href":"https:\/\/www.portalalerta.com.br\/index.php\/wp-json\/wp\/v2\/media\/3952"}],"wp:attachment":[{"href":"https:\/\/www.portalalerta.com.br\/index.php\/wp-json\/wp\/v2\/media?parent=20689"}],"wp:term":[{"taxonomy":"category","embeddable":true,"href":"https:\/\/www.portalalerta.com.br\/index.php\/wp-json\/wp\/v2\/categories?post=20689"},{"taxonomy":"post_tag","embeddable":true,"href":"https:\/\/www.portalalerta.com.br\/index.php\/wp-json\/wp\/v2\/tags?post=20689"}],"curies":[{"name":"wp","href":"https:\/\/api.w.org\/{rel}","templated":true}]}}