{"id":20691,"date":"2020-01-03T14:10:09","date_gmt":"2020-01-03T17:10:09","guid":{"rendered":"https:\/\/www.portalalerta.com.br\/?p=20691"},"modified":"2020-01-03T14:10:09","modified_gmt":"2020-01-03T17:10:09","slug":"acuado-pelo-impeachment-trump-puxa-o-gatilho-e-empurra-eua-para-a-guerra","status":"publish","type":"post","link":"https:\/\/www.portalalerta.com.br\/index.php\/2020\/01\/03\/acuado-pelo-impeachment-trump-puxa-o-gatilho-e-empurra-eua-para-a-guerra\/","title":{"rendered":"Acuado pelo impeachment, Trump puxa o gatilho e empurra EUA para a guerra"},"content":{"rendered":"<p style=\"text-align: justify;\">Os EUA come\u00e7aram 2020 em contagem regressiva paras as elei\u00e7\u00f5es presidenciais.<!--more--><\/p>\n<p style=\"text-align: justify;\">Candidato \u00e0 reelei\u00e7\u00e3o, Donald Trump enfrenta a mais grave crise institucional de seu governo desde a posse.<\/p>\n<p style=\"text-align: justify;\">Vinte e cinco dias atr\u00e1s, os deputados de seu pa\u00eds aprovaram o impeachment do republicano. Flagrado orientando autoridades ucranianas a investigarem um advers\u00e1rio pol\u00edtico, ele \u00e9 acusado de abuso de poder e obstru\u00e7\u00e3o no Congresso, e segue no cargo enquanto aguarda julgamento no Senado, onde tem maioria e provavelmente vai escapar da degola.<\/p>\n<p style=\"text-align: justify;\">Em julho, 53% dos americanos reprovavam sua gest\u00e3o, contra 44% que o aprovavam, segundo uma pesquisa divulgada pelo \u201cWashington Post\u201d.<\/p>\n<p style=\"text-align: justify;\"><img fetchpriority=\"high\" decoding=\"async\" class=\"size-thumbnail wp-image-4869 aligncenter\" src=\"https:\/\/www.portalalerta.com.br\/wp-content\/uploads\/2018\/02\/Auto-Escola-Nobre-720x181.jpg\" alt=\"\" width=\"720\" height=\"181\" srcset=\"https:\/\/www.portalalerta.com.br\/wp-content\/uploads\/2018\/02\/Auto-Escola-Nobre.jpg 720w, https:\/\/www.portalalerta.com.br\/wp-content\/uploads\/2018\/02\/Auto-Escola-Nobre-260x65.jpg 260w, https:\/\/www.portalalerta.com.br\/wp-content\/uploads\/2018\/02\/Auto-Escola-Nobre-50x13.jpg 50w, https:\/\/www.portalalerta.com.br\/wp-content\/uploads\/2018\/02\/Auto-Escola-Nobre-150x38.jpg 150w\" sizes=\"(max-width: 720px) 100vw, 720px\" \/>No meio do redemoinho, Trump decidiu criar sua pr\u00f3pria guerra do Iraque, pa\u00eds onde George W. Bush pavimentou o caminho da reelei\u00e7\u00e3o com sua guerra ao terror ap\u00f3s o 11 de Setembro &#8211; e onde atolou e saiu desmoralizado quando j\u00e1 estava claro que o pretexto das armas qu\u00edmicas era conversa furada.<\/p>\n<p style=\"text-align: justify;\">Trump dobrou a aposta num momento em que prometia atendeu ao pleito da maioria dos eleitores de tirar os EUA do conflito. A contradi\u00e7\u00e3o pode ser um erro pol\u00edtico fatal.<\/p>\n<p style=\"text-align: justify;\">Numa tacada s\u00f3, ele mirou um aeroporto de Bagd\u00e1 e acertou tr\u00eas fios desencapados do Oriente M\u00e9dio. Na a\u00e7\u00e3o, morreu o chefe da For\u00e7a Revolucion\u00e1ria da Guarda Quds do Ir\u00e3, Qasem Soleimani, um dos homens mais importantes daquele pa\u00eds. Analistas dizem que o peso simb\u00f3lico do assassinato ser\u00e1 ainda maior do que o de Osama Bin Laden.<\/p>\n<p style=\"text-align: justify;\">Soleimani \u00e9 considerado pelo Ir\u00e3 um her\u00f3i de guerra por seu papel no combate ao Estado Isl\u00e2mico e a Al Qaeda.<\/p>\n<p style=\"text-align: justify;\">H\u00e1 relatos tamb\u00e9m de que o comandante de uma mil\u00edcia do Iraque apoiada pelo Ir\u00e3 e o n\u00famero 2 na hierarquia do Hezbollah, no L\u00edbano, estariam entre as v\u00edtimas.<\/p>\n<p style=\"text-align: justify;\">O ataque acontece ap\u00f3s milicianos xiitas e simpatizantes invadirem a embaixada dos EUA em Bagd\u00e1 depois de uma s\u00e9rie de \u201cataques defensivos\u201d no Iraque e na S\u00edria contra o grupo de mil\u00edcias Kataib Hezbollah.<\/p>\n<p style=\"text-align: justify;\">Pelo Twitter, Trump acusou o Ir\u00e3 de orquestrar o ataque e prometeu: \u201celes ser\u00e3o completamente responsabilizados\u201d.<\/p>\n<p style=\"text-align: justify;\">Foram.<\/p>\n<p style=\"text-align: justify;\">Trump produziu, assim, um m\u00e1rtir e direcionou o \u00f3dio do pa\u00eds persa em dire\u00e7\u00e3o aos EUA.<\/p>\n<p style=\"text-align: justify;\">As consequ\u00eancias do ataque ao aeroporto ser\u00e3o inevit\u00e1veis, sobretudo em raz\u00e3o das condi\u00e7\u00f5es em que foi realizado, de maneira remota e sem um conflito declarado, conforme alguns especialistas manifestaram em suas redes ao longo da noite.<\/p>\n<p style=\"text-align: justify;\">\u201cVingan\u00e7a\u201d \u00e9 a palavra mais amena usada nas primeiras manifesta\u00e7\u00f5es tanto do l\u00edder supremo do Ir\u00e3, Ali Khamenei, quanto pelo presidente do pa\u00eds, Hassan Rouhani. Khamenei declarou que \u201ctodos os inimigos devem saber que a jihad de resist\u00eancia continuar\u00e1 com uma motiva\u00e7\u00e3o dobrada, e uma vit\u00f3ria definitiva aguarda os combatentes na guerra santa\u201d.<\/p>\n<p style=\"text-align: justify;\">A resposta das autoridades iranianas e iraquianas d\u00e3o a entender que ningu\u00e9m estar\u00e1 mais seguro com o presente de ano novo de Donald Trump &#8211; inclusive os seus compatriotas que vivem no pa\u00eds e que j\u00e1 receberam orienta\u00e7\u00f5es de deixar o local, da forma como puderem, imediatamente.<\/p>\n<p style=\"text-align: justify;\">Por aqui, as consequ\u00eancias ainda s\u00e3o incertas &#8211; provavelmente, a Am\u00e9rica do Sul voltar\u00e1 \u00e0 \u00faltima das prateleiras de prioridades dos EUA, a quem o presidente Jair Bolsonaro demonstra fidelidade canina.<\/p>\n<p style=\"text-align: justify;\">Os efeitos podem ser notados nas oscila\u00e7\u00f5es da Bolsa, na alta do petr\u00f3leo e na prov\u00e1vel suspens\u00e3o de movimentos de investidores na regi\u00e3o.<\/p>\n<p style=\"text-align: justify;\">Para fevereiro, por exemplo, o governo de S\u00e3o Paulo prepara uma viagem com executivos para Dubai, nos Emirados \u00c1rabes. Setenta empres\u00e1rios demonstraram interesse em acompanhar a comitiva do governador Jo\u00e3o Doria (PSDB), entre eles alguns dos maiores bancos do pa\u00eds.<\/p>\n<p style=\"text-align: justify;\">\u00c9 prov\u00e1vel que a empolga\u00e7\u00e3o com os neg\u00f3cios das ar\u00e1bias seja substitu\u00edda, nos pr\u00f3ximos dias, pelo medo da escalada de um conflito de contornos globais. Quem ganha com isso?<\/p>\n<p style=\"text-align: justify;\"><em>Fonte: Yahoo Not\u00edcias<\/em><\/p>\n","protected":false},"excerpt":{"rendered":"<p>Os EUA come\u00e7aram 2020 em contagem regressiva paras as elei\u00e7\u00f5es presidenciais.<\/p>\n","protected":false},"author":2,"featured_media":20692,"comment_status":"open","ping_status":"open","sticky":false,"template":"","format":"standard","meta":{"om_disable_all_campaigns":false,"_monsterinsights_skip_tracking":false,"_monsterinsights_sitenote_active":false,"_monsterinsights_sitenote_note":"","_monsterinsights_sitenote_category":0,"footnotes":""},"categories":[70,35,69,22],"tags":[3305,226,897,327,872,609,169,339],"class_list":["post-20691","post","type-post","status-publish","format-standard","has-post-thumbnail","hentry","category-destaques","category-mundo","category-noticias2","category-seguranca","tag-assassinato","tag-ataque","tag-donald-trump","tag-eua","tag-general","tag-ira","tag-morte","tag-mundo"],"aioseo_notices":[],"_links":{"self":[{"href":"https:\/\/www.portalalerta.com.br\/index.php\/wp-json\/wp\/v2\/posts\/20691","targetHints":{"allow":["GET"]}}],"collection":[{"href":"https:\/\/www.portalalerta.com.br\/index.php\/wp-json\/wp\/v2\/posts"}],"about":[{"href":"https:\/\/www.portalalerta.com.br\/index.php\/wp-json\/wp\/v2\/types\/post"}],"author":[{"embeddable":true,"href":"https:\/\/www.portalalerta.com.br\/index.php\/wp-json\/wp\/v2\/users\/2"}],"replies":[{"embeddable":true,"href":"https:\/\/www.portalalerta.com.br\/index.php\/wp-json\/wp\/v2\/comments?post=20691"}],"version-history":[{"count":1,"href":"https:\/\/www.portalalerta.com.br\/index.php\/wp-json\/wp\/v2\/posts\/20691\/revisions"}],"predecessor-version":[{"id":20693,"href":"https:\/\/www.portalalerta.com.br\/index.php\/wp-json\/wp\/v2\/posts\/20691\/revisions\/20693"}],"wp:featuredmedia":[{"embeddable":true,"href":"https:\/\/www.portalalerta.com.br\/index.php\/wp-json\/wp\/v2\/media\/20692"}],"wp:attachment":[{"href":"https:\/\/www.portalalerta.com.br\/index.php\/wp-json\/wp\/v2\/media?parent=20691"}],"wp:term":[{"taxonomy":"category","embeddable":true,"href":"https:\/\/www.portalalerta.com.br\/index.php\/wp-json\/wp\/v2\/categories?post=20691"},{"taxonomy":"post_tag","embeddable":true,"href":"https:\/\/www.portalalerta.com.br\/index.php\/wp-json\/wp\/v2\/tags?post=20691"}],"curies":[{"name":"wp","href":"https:\/\/api.w.org\/{rel}","templated":true}]}}