{"id":20697,"date":"2020-01-03T17:41:14","date_gmt":"2020-01-03T20:41:14","guid":{"rendered":"https:\/\/www.portalalerta.com.br\/?p=20697"},"modified":"2020-01-03T19:16:57","modified_gmt":"2020-01-03T22:16:57","slug":"municipios-reclamam-do-aumento-do-piso-salarial-dos-professores","status":"publish","type":"post","link":"https:\/\/www.portalalerta.com.br\/index.php\/2020\/01\/03\/municipios-reclamam-do-aumento-do-piso-salarial-dos-professores\/","title":{"rendered":"Munic\u00edpios reclamam do Aumento do Piso Salarial dos Professores"},"content":{"rendered":"<p style=\"text-align: justify;\">Os munic\u00edpios reclamaram contra o Piso Nacional do Magist\u00e9rio, que deve passar de R$ 2.557,74 para R$ 2.886,15 em janeiro de 2020 \u2014 um reajuste de 12,84%. A estimativa foi feita pela Confedera\u00e7\u00e3o Nacional de Munic\u00edpios (CNM) com base em portaria publicada pelo governo federal no dia 23 de dezembro. Na nota, a entidade reconhece a necessidade de valoriza\u00e7\u00e3o desses profissionais \u2014 \u201cfundamentais para o desenvolvimento do pa\u00eds\u201d \u2013, mas alerta para os graves impactos \u00e0 gest\u00e3o da educa\u00e7\u00e3o e \u00e0s finan\u00e7as municipais, que totalizam mais de R$ 8,7 bilh\u00f5es.<!--more--><\/p>\n<p style=\"text-align: justify;\"><img fetchpriority=\"high\" decoding=\"async\" class=\"size-full wp-image-2902 alignleft\" src=\"https:\/\/www.portalalerta.com.br\/wp-content\/uploads\/2017\/11\/elab-2.jpg\" alt=\"\" width=\"310\" height=\"200\" srcset=\"https:\/\/www.portalalerta.com.br\/wp-content\/uploads\/2017\/11\/elab-2.jpg 310w, https:\/\/www.portalalerta.com.br\/wp-content\/uploads\/2017\/11\/elab-2-226x146.jpg 226w, https:\/\/www.portalalerta.com.br\/wp-content\/uploads\/2017\/11\/elab-2-50x32.jpg 50w, https:\/\/www.portalalerta.com.br\/wp-content\/uploads\/2017\/11\/elab-2-116x75.jpg 116w\" sizes=\"(max-width: 310px) 100vw, 310px\" \/>Por meio da nota, a CNM diz que se alerta, por\u00e9m, que existem nos Munic\u00edpios brasileiros cerca de 1,2 milh\u00e3o de fun\u00e7\u00f5es docentes. \u201cDessa forma, qualquer aumento no piso nacional repercute de forma expressiva nas administra\u00e7\u00f5es municipais. Importante destacar ainda que, nos Munic\u00edpios, a folha de pagamento do magist\u00e9rio representa algo em torno de 25% do total do gasto de pessoal.<\/p>\n<p style=\"text-align: justify;\">Assim, o aumento do piso vai fazer com que in\u00fameros gestores tenham problemas nos limites impostos pela Lei de Responsabilidade Fiscal (LRF)\u201d, revelam. De\u00a02009 at\u00e9 2020, o aumento salarial para a categoria foi de 203,61%, enquanto o sal\u00e1rio m\u00ednimo no mesmo per\u00edodo, por exemplo, teve reajuste de 121,7%\u201d, explicam, para se contrapor a situa\u00e7\u00e3o.<\/p>\n<p>Do total que cada Munic\u00edpio recebe do Fundeb, 60% devem ser gastos com o pagamento do magist\u00e9rio ativo e 40% com a Manuten\u00e7\u00e3o e Desenvolvimento do Ensino (MDE). A representa\u00e7\u00e3o dos munic\u00edpios, no entanto, cita que o percentual m\u00e9dio de gasto com os sal\u00e1rios \u00e9 de 78%, sendo que mais de 600 munic\u00edpios j\u00e1 comprometem 100% do recurso do Fundeb apenas com sal\u00e1rios, tendo que complementar com recursos pr\u00f3prios a gest\u00e3o da educa\u00e7\u00e3o.<\/p>\n<p style=\"text-align: justify;\">\u201cAs administra\u00e7\u00f5es locais j\u00e1 comprometem, em m\u00e9dia, 28% do or\u00e7amento municipal para a \u00e1rea de Educa\u00e7\u00e3o \u2014 enquanto a Constitui\u00e7\u00e3o Federal determina 25%\u201d.\u00a0Para o movimento municipalista, os reajustes reais nos valores dos vencimentos do magist\u00e9rio devem ser negociados pelos governos estaduais e municipais com seus respectivos professores.<\/p>\n<p style=\"text-align: justify;\"><em>Fonte: Joilson Costa<\/em><\/p>\n<p style=\"text-align: justify;\"><em>Com informa\u00e7\u00f5es: CNM\u00a0<\/em><\/p>\n","protected":false},"excerpt":{"rendered":"<p>Os munic\u00edpios reclamaram contra o Piso Nacional do Magist\u00e9rio, que deve passar de R$ 2.557,74 para R$ 2.886,15 em janeiro de 2020 \u2014 um reajuste de 12,84%. A estimativa foi feita pela Confedera\u00e7\u00e3o Nacional de Munic\u00edpios (CNM) com base em portaria publicada pelo governo federal no dia 23 de dezembro. Na nota, a entidade reconhece &hellip;<\/p>\n","protected":false},"author":2,"featured_media":3347,"comment_status":"open","ping_status":"open","sticky":false,"template":"","format":"standard","meta":{"om_disable_all_campaigns":false,"_monsterinsights_skip_tracking":false,"_monsterinsights_sitenote_active":false,"_monsterinsights_sitenote_note":"","_monsterinsights_sitenote_category":0,"footnotes":""},"categories":[34,70,20,69],"tags":[93,2066,184],"class_list":["post-20697","post","type-post","status-publish","format-standard","has-post-thumbnail","hentry","category-brasil","category-destaques","category-educacao","category-noticias2","tag-brasil","tag-piso-salarial","tag-professores"],"aioseo_notices":[],"_links":{"self":[{"href":"https:\/\/www.portalalerta.com.br\/index.php\/wp-json\/wp\/v2\/posts\/20697","targetHints":{"allow":["GET"]}}],"collection":[{"href":"https:\/\/www.portalalerta.com.br\/index.php\/wp-json\/wp\/v2\/posts"}],"about":[{"href":"https:\/\/www.portalalerta.com.br\/index.php\/wp-json\/wp\/v2\/types\/post"}],"author":[{"embeddable":true,"href":"https:\/\/www.portalalerta.com.br\/index.php\/wp-json\/wp\/v2\/users\/2"}],"replies":[{"embeddable":true,"href":"https:\/\/www.portalalerta.com.br\/index.php\/wp-json\/wp\/v2\/comments?post=20697"}],"version-history":[{"count":2,"href":"https:\/\/www.portalalerta.com.br\/index.php\/wp-json\/wp\/v2\/posts\/20697\/revisions"}],"predecessor-version":[{"id":20699,"href":"https:\/\/www.portalalerta.com.br\/index.php\/wp-json\/wp\/v2\/posts\/20697\/revisions\/20699"}],"wp:featuredmedia":[{"embeddable":true,"href":"https:\/\/www.portalalerta.com.br\/index.php\/wp-json\/wp\/v2\/media\/3347"}],"wp:attachment":[{"href":"https:\/\/www.portalalerta.com.br\/index.php\/wp-json\/wp\/v2\/media?parent=20697"}],"wp:term":[{"taxonomy":"category","embeddable":true,"href":"https:\/\/www.portalalerta.com.br\/index.php\/wp-json\/wp\/v2\/categories?post=20697"},{"taxonomy":"post_tag","embeddable":true,"href":"https:\/\/www.portalalerta.com.br\/index.php\/wp-json\/wp\/v2\/tags?post=20697"}],"curies":[{"name":"wp","href":"https:\/\/api.w.org\/{rel}","templated":true}]}}