{"id":20700,"date":"2020-01-03T20:53:38","date_gmt":"2020-01-03T23:53:38","guid":{"rendered":"https:\/\/www.portalalerta.com.br\/?p=20700"},"modified":"2020-01-03T20:53:38","modified_gmt":"2020-01-03T23:53:38","slug":"as-providencias-legais-para-as-eleicoes-2020-em-ribeira-do-pombal-ba","status":"publish","type":"post","link":"https:\/\/www.portalalerta.com.br\/index.php\/2020\/01\/03\/as-providencias-legais-para-as-eleicoes-2020-em-ribeira-do-pombal-ba\/","title":{"rendered":"As Provid\u00eancias Legais para as Elei\u00e7\u00f5es 2020 em Ribeira do Pombal-BA"},"content":{"rendered":"<p style=\"text-align: justify;\">Com a entrada do ano novo, iniciam-se as articula\u00e7\u00f5es pol\u00edticas para as elei\u00e7\u00f5es municipais de 2020 e as provid\u00eancias legais para aqueles que desejam concorrer a cargos eletivos devem ser iniciadas a fim de se evitar surpresas no momento do registro de candidatura. E um dos pontos principais que precisam ser observados pelos candidatos a prefeito, vice-prefeito, e vereadores, \u00e9 a desincompatibiliza\u00e7\u00e3o dos cargos p\u00fablicos. O afastamento obrigat\u00f3rio de cargo p\u00fablico do postulante a candidato deve ser realizado at\u00e9 um determinado prazo antes da elei\u00e7\u00e3o.<!--more--><\/p>\n<p style=\"text-align: justify;\">A medida busca assegurar que n\u00e3o haja nenhum tipo de influ\u00eancia por parte daquele que j\u00e1 ocupa cargo p\u00fablico e deseja concorrer a cargo eletivo, al\u00e9m de zelar pela igualdade dos candidatos na disputa. Se o cidad\u00e3o que pretende sair candidato n\u00e3o respeitar o prazo estipulado de desincompatibiliza\u00e7\u00e3o do cargo ou fun\u00e7\u00e3o p\u00fablica, ele poder\u00e1 ser considerado ineleg\u00edvel pela Justi\u00e7a Eleitoral, conforme a\u00a0Lei Complementar n\u00ba 64\/1990\u00a0(Lei de Inelegibilidades). O afastamento pode ou n\u00e3o ser necess\u00e1rio, dependendo do cargo em disputa.\u00a0 Os prazos variam entre tr\u00eas e seis meses antes das elei\u00e7\u00f5es, e a desincompatibiliza\u00e7\u00e3o pode acontecer com afastamento definitivo ou tempor\u00e1rio. Isso varia de acordo com o emprego ocupado e o cargo almejado.<\/p>\n<p style=\"text-align: justify;\"><img fetchpriority=\"high\" decoding=\"async\" class=\"size-thumbnail wp-image-4869 aligncenter\" src=\"https:\/\/www.portalalerta.com.br\/wp-content\/uploads\/2018\/02\/Auto-Escola-Nobre-720x181.jpg\" alt=\"\" width=\"720\" height=\"181\" srcset=\"https:\/\/www.portalalerta.com.br\/wp-content\/uploads\/2018\/02\/Auto-Escola-Nobre.jpg 720w, https:\/\/www.portalalerta.com.br\/wp-content\/uploads\/2018\/02\/Auto-Escola-Nobre-260x65.jpg 260w, https:\/\/www.portalalerta.com.br\/wp-content\/uploads\/2018\/02\/Auto-Escola-Nobre-50x13.jpg 50w, https:\/\/www.portalalerta.com.br\/wp-content\/uploads\/2018\/02\/Auto-Escola-Nobre-150x38.jpg 150w\" sizes=\"(max-width: 720px) 100vw, 720px\" \/>Em Ribeira do Pombal, 3 suplentes assumiram o mandato de vereador (Irm\u00e3o Ezequias, Marcelo Silva e Sandro Aguiar) em virtude do afastamento dos Vereadores Bal (motivo de doen\u00e7a), F\u00e1bio de Nadja e Peu Do Gado, os dois \u00faltimos para assumirem Cargos no primeiro escal\u00e3o da administra\u00e7\u00e3o municipal. Diante disto, tanto Fabio de Nadja quanto Peu Do Gado, devem retomar seus mandatos at\u00e9 03 de abril, 06 meses antes da elei\u00e7\u00e3o, caso desejem concorrer em 2020 a mandato de Vereador, j\u00e1 o Edil Bal, por se tratar de motivo de doen\u00e7a, n\u00e3o h\u00e1 data prevista para seu retorno, o que pode ocorrer a qualquer tempo.\u00a0Com o eventual retorno de Fabio e Peu Do Gado, deixam a C\u00e2mara Marcelo Silva e Sandro Aguiar, j\u00e1 irm\u00e3o Ezequias fica dependendo do fim da licen\u00e7a m\u00e9dica de Bal.<\/p>\n<p style=\"text-align: justify;\">No Executivo a expectativa \u00e9 que a Chefe de Gabinete Narjara Andrade, deixe o cargo em 03 de abril para disputar uma vaga na C\u00e2mara de Vereadores, h\u00e1 ainda a especula\u00e7\u00e3o de que Junior do Pombalzinho e Mikael Gama tamb\u00e9m possam disputar uma vaga no Legislativo, devendo tamb\u00e9m serem exonerados.<\/p>\n<p>Todavia, a maior expectativa gira em torno da sucess\u00e3o do Prefeito Ricardo Maia, caso seu candidato venha a ser o atual Secret\u00e1rio de Administra\u00e7\u00e3o e Finan\u00e7as, Vit\u00e3o, como comentado no meio pol\u00edtico, ou o Controlador Interno, Dr Armando, estes precisariam se licenciarem at\u00e9 03 de junho, outros nomes comentados nos bastidores pol\u00edticos como Bebeto e Ericsson n\u00e3o precisam se desincompatibilzar, o primeiro por ser Vereador e o segundo por n\u00e3o ser funcion\u00e1rio p\u00fablico.<\/p>\n<p style=\"text-align: justify;\">Na oposi\u00e7\u00e3o a \u00fanica pessoa que deve se desincompatibilzar \u00e9 o ex-prefeito Ze Grilo, que segundo dizem, \u00e9 servidor concursado da Assembleia Legislativa da Bahia, devendo, portanto, se licenciar h\u00e1 03 meses do pleito, caso insista em concorrer.<\/p>\n<p style=\"text-align: justify;\"><em>Fonte: Joilson Costa<\/em><\/p>\n","protected":false},"excerpt":{"rendered":"<p>Com a entrada do ano novo, iniciam-se as articula\u00e7\u00f5es pol\u00edticas para as elei\u00e7\u00f5es municipais de 2020 e as provid\u00eancias legais para aqueles que desejam concorrer a cargos eletivos devem ser iniciadas a fim de se evitar surpresas no momento do registro de candidatura. E um dos pontos principais que precisam ser observados pelos candidatos a &hellip;<\/p>\n","protected":false},"author":2,"featured_media":20100,"comment_status":"open","ping_status":"open","sticky":false,"template":"","format":"standard","meta":{"om_disable_all_campaigns":false,"_monsterinsights_skip_tracking":false,"_monsterinsights_sitenote_active":false,"_monsterinsights_sitenote_note":"","_monsterinsights_sitenote_category":0,"footnotes":""},"categories":[70,69,21,32,3],"tags":[3215,47],"class_list":["post-20700","post","type-post","status-publish","format-standard","has-post-thumbnail","hentry","category-destaques","category-noticias2","category-politica","category-regiao","category-ribeira-do-pombal","tag-eleicoes-2020","tag-ribeira-do-pombal"],"aioseo_notices":[],"_links":{"self":[{"href":"https:\/\/www.portalalerta.com.br\/index.php\/wp-json\/wp\/v2\/posts\/20700","targetHints":{"allow":["GET"]}}],"collection":[{"href":"https:\/\/www.portalalerta.com.br\/index.php\/wp-json\/wp\/v2\/posts"}],"about":[{"href":"https:\/\/www.portalalerta.com.br\/index.php\/wp-json\/wp\/v2\/types\/post"}],"author":[{"embeddable":true,"href":"https:\/\/www.portalalerta.com.br\/index.php\/wp-json\/wp\/v2\/users\/2"}],"replies":[{"embeddable":true,"href":"https:\/\/www.portalalerta.com.br\/index.php\/wp-json\/wp\/v2\/comments?post=20700"}],"version-history":[{"count":2,"href":"https:\/\/www.portalalerta.com.br\/index.php\/wp-json\/wp\/v2\/posts\/20700\/revisions"}],"predecessor-version":[{"id":20712,"href":"https:\/\/www.portalalerta.com.br\/index.php\/wp-json\/wp\/v2\/posts\/20700\/revisions\/20712"}],"wp:featuredmedia":[{"embeddable":true,"href":"https:\/\/www.portalalerta.com.br\/index.php\/wp-json\/wp\/v2\/media\/20100"}],"wp:attachment":[{"href":"https:\/\/www.portalalerta.com.br\/index.php\/wp-json\/wp\/v2\/media?parent=20700"}],"wp:term":[{"taxonomy":"category","embeddable":true,"href":"https:\/\/www.portalalerta.com.br\/index.php\/wp-json\/wp\/v2\/categories?post=20700"},{"taxonomy":"post_tag","embeddable":true,"href":"https:\/\/www.portalalerta.com.br\/index.php\/wp-json\/wp\/v2\/tags?post=20700"}],"curies":[{"name":"wp","href":"https:\/\/api.w.org\/{rel}","templated":true}]}}