{"id":20702,"date":"2020-01-04T00:22:47","date_gmt":"2020-01-04T03:22:47","guid":{"rendered":"https:\/\/www.portalalerta.com.br\/?p=20702"},"modified":"2020-01-04T00:22:47","modified_gmt":"2020-01-04T03:22:47","slug":"quem-era-qassem-soleimani-general-iraniano-morto-em-ataque-dos-eua","status":"publish","type":"post","link":"https:\/\/www.portalalerta.com.br\/index.php\/2020\/01\/04\/quem-era-qassem-soleimani-general-iraniano-morto-em-ataque-dos-eua\/","title":{"rendered":"Quem era Qassem Soleimani, general iraniano morto em ataque dos EUA"},"content":{"rendered":"<p style=\"text-align: justify;\">Sob ordens diretas do presidente Donald Trump, os Estados Unidos\u00a0<strong>mataram o general iraniano\u00a0<\/strong>Qassem Soleimani em um<strong>\u00a0<\/strong><a href=\"https:\/\/www.portalalerta.com.br\/index.php\/2020\/01\/03\/acuado-pelo-impeachment-trump-puxa-o-gatilho-e-empurra-eua-para-a-guerra\/https:\/\/www.portalalerta.com.br\/index.php\/2020\/01\/03\/acuado-pelo-impeachment-trump-puxa-o-gatilho-e-empurra-eua-para-a-guerra\/\"><strong>bombardeio ao Aeroporto de Bagd\u00e1<\/strong>\u00a0<\/a>na noite de quinta-feira (2). Mas quem era o militar e por que ele se tornou um alvo do Pent\u00e1gono?<!--more--><\/p>\n<p style=\"text-align: justify;\">Aos 62 anos, o general Soleimani liderava a for\u00e7a Al-Qods dos Guardi\u00f5es da Revolu\u00e7\u00e3o, e coordenava as opera\u00e7\u00f5es no exterior \u2013 especialmente no Iraque e na S\u00edria. No Ir\u00e3, ele era visto como her\u00f3i e atuava como c\u00e9rebro por tr\u00e1s da estrat\u00e9gia militar e geopol\u00edtica do pa\u00eds.<\/p>\n<p style=\"text-align: justify;\">Qassem Soleimani tamb\u00e9m era muito pr\u00f3ximo do l\u00edder supremo do Ir\u00e3, o aiatol\u00e1 Ali Khamenei, o que o tornava um dos homens mais poderosos do pa\u00eds. Nas \u00faltimas d\u00e9cadas, ele sobreviveu a diversas tentativas de assassinato.<\/p>\n<p style=\"text-align: justify;\"><img fetchpriority=\"high\" decoding=\"async\" class=\"size-thumbnail wp-image-20354 aligncenter\" src=\"https:\/\/www.portalalerta.com.br\/wp-content\/uploads\/2019\/12\/Real-Natal-2019-720x222.jpeg\" alt=\"\" width=\"720\" height=\"222\" \/>Sob lideran\u00e7a de Soleimani, o Ir\u00e3 refor\u00e7ou o apoio ao Hezbollah, no L\u00edbano, e outros grupos militantes pr\u00f3-iranianos. O general tamb\u00e9m foi respons\u00e1vel por expandir a presen\u00e7a militar do Ir\u00e3 na S\u00edria e coordenar a ofensiva do governo de Bashar al-Assad contra grupos rebeldes. No Iraque, ele\u00a0apoiou um grupo xiita paramilitar que ajudou a combater o Estado Isl\u00e2mico.<\/p>\n<p style=\"text-align: justify;\">Carism\u00e1tico e muitas vezes evasivo, o comandante era reverenciado por alguns, odiado por outros, e motivo de memes e idolatria nas redes sociais.<\/p>\n<p style=\"text-align: justify;\">Sua morte acontece em meio ao aumento de tens\u00e3o entre EUA e Ir\u00e3. No domingo (29), um ataque dos Estados Unidos na fronteira do Iraque com a S\u00edria deixou mortos 25 combatentes das For\u00e7as de Mobiliza\u00e7\u00e3o Popular do Iraque.<\/p>\n<p style=\"text-align: justify;\">Em retalia\u00e7\u00e3o, milicianos do Iraque invadiram a embaixada americana em Bagd\u00e1 na ter\u00e7a-feira (31). O presidente Donald Trump acusou o Ir\u00e3 de estar por tr\u00e1s do ocorrido, e prometeu uma resposta que veio dois dias depois, com o ataque ao Aeroporto de Bagd\u00e1 que matou Soleimani.<\/p>\n<p style=\"text-align: justify;\">No momento do ataque na noite de quinta-feira, Trump postou uma bandeira dos Estados Unidos em seu perfil no Twitter:<\/p>\n<p style=\"text-align: justify;\"><em><img decoding=\"async\" class=\"aligncenter wp-image-20703 size-full\" src=\"https:\/\/www.portalalerta.com.br\/wp-content\/uploads\/2020\/01\/ataque-no-Ir\u00e3-2020.1.jpg\" alt=\"\" width=\"500\" height=\"400\" srcset=\"https:\/\/www.portalalerta.com.br\/wp-content\/uploads\/2020\/01\/ataque-no-Ir\u00e3-2020.1.jpg 500w, https:\/\/www.portalalerta.com.br\/wp-content\/uploads\/2020\/01\/ataque-no-Ir\u00e3-2020.1-300x240.jpg 300w, https:\/\/www.portalalerta.com.br\/wp-content\/uploads\/2020\/01\/ataque-no-Ir\u00e3-2020.1-183x146.jpg 183w, https:\/\/www.portalalerta.com.br\/wp-content\/uploads\/2020\/01\/ataque-no-Ir\u00e3-2020.1-50x40.jpg 50w, https:\/\/www.portalalerta.com.br\/wp-content\/uploads\/2020\/01\/ataque-no-Ir\u00e3-2020.1-94x75.jpg 94w\" sizes=\"(max-width: 500px) 100vw, 500px\" \/>Fonte: Yahoo Not\u00edcias<\/em><\/p>\n","protected":false},"excerpt":{"rendered":"<p>Sob ordens diretas do presidente Donald Trump, os Estados Unidos\u00a0mataram o general iraniano\u00a0Qassem Soleimani em um\u00a0bombardeio ao Aeroporto de Bagd\u00e1\u00a0na noite de quinta-feira (2). Mas quem era o militar e por que ele se tornou um alvo do Pent\u00e1gono?<\/p>\n","protected":false},"author":2,"featured_media":20705,"comment_status":"open","ping_status":"open","sticky":false,"template":"","format":"standard","meta":{"om_disable_all_campaigns":false,"_monsterinsights_skip_tracking":false,"_monsterinsights_sitenote_active":false,"_monsterinsights_sitenote_note":"","_monsterinsights_sitenote_category":0,"footnotes":""},"categories":[70,35,69,22],"tags":[3305,897,327,872,609,339],"class_list":["post-20702","post","type-post","status-publish","format-standard","has-post-thumbnail","hentry","category-destaques","category-mundo","category-noticias2","category-seguranca","tag-assassinato","tag-donald-trump","tag-eua","tag-general","tag-ira","tag-mundo"],"aioseo_notices":[],"_links":{"self":[{"href":"https:\/\/www.portalalerta.com.br\/index.php\/wp-json\/wp\/v2\/posts\/20702","targetHints":{"allow":["GET"]}}],"collection":[{"href":"https:\/\/www.portalalerta.com.br\/index.php\/wp-json\/wp\/v2\/posts"}],"about":[{"href":"https:\/\/www.portalalerta.com.br\/index.php\/wp-json\/wp\/v2\/types\/post"}],"author":[{"embeddable":true,"href":"https:\/\/www.portalalerta.com.br\/index.php\/wp-json\/wp\/v2\/users\/2"}],"replies":[{"embeddable":true,"href":"https:\/\/www.portalalerta.com.br\/index.php\/wp-json\/wp\/v2\/comments?post=20702"}],"version-history":[{"count":1,"href":"https:\/\/www.portalalerta.com.br\/index.php\/wp-json\/wp\/v2\/posts\/20702\/revisions"}],"predecessor-version":[{"id":20706,"href":"https:\/\/www.portalalerta.com.br\/index.php\/wp-json\/wp\/v2\/posts\/20702\/revisions\/20706"}],"wp:featuredmedia":[{"embeddable":true,"href":"https:\/\/www.portalalerta.com.br\/index.php\/wp-json\/wp\/v2\/media\/20705"}],"wp:attachment":[{"href":"https:\/\/www.portalalerta.com.br\/index.php\/wp-json\/wp\/v2\/media?parent=20702"}],"wp:term":[{"taxonomy":"category","embeddable":true,"href":"https:\/\/www.portalalerta.com.br\/index.php\/wp-json\/wp\/v2\/categories?post=20702"},{"taxonomy":"post_tag","embeddable":true,"href":"https:\/\/www.portalalerta.com.br\/index.php\/wp-json\/wp\/v2\/tags?post=20702"}],"curies":[{"name":"wp","href":"https:\/\/api.w.org\/{rel}","templated":true}]}}