{"id":20707,"date":"2020-01-04T00:56:51","date_gmt":"2020-01-04T03:56:51","guid":{"rendered":"https:\/\/www.portalalerta.com.br\/?p=20707"},"modified":"2020-01-04T00:56:51","modified_gmt":"2020-01-04T03:56:51","slug":"homem-abre-fogo-em-supermercado-mata-crianca-fere-ex-namorada-e-e-morto-em-uaua-ba","status":"publish","type":"post","link":"https:\/\/www.portalalerta.com.br\/index.php\/2020\/01\/04\/homem-abre-fogo-em-supermercado-mata-crianca-fere-ex-namorada-e-e-morto-em-uaua-ba\/","title":{"rendered":"Homem abre fogo em supermercado, mata crian\u00e7a, fere ex-namorada e \u00e9 morto, em Uau\u00e1-BA"},"content":{"rendered":"<p style=\"text-align: justify;\">O pequeno munic\u00edpio de Uau\u00e1-BA, viveu momentos de tens\u00e3o na manh\u00e3 desta sexta-feira (3\/11). Um homem entrou num supermercado onde sua ex-namorada trabalhava e come\u00e7ou a atirar. Um dos proj\u00e9teis atingiu uma crian\u00e7a\u00a0de 9 anos, que n\u00e3o resistiu.<!--more--><\/p>\n<p style=\"text-align: justify;\">Agentes\u00a0da 45\u00aa Companhia Independente da Pol\u00edcia Militar (CIPM\/Cura\u00e7\u00e1) disseram que o atirador foi identificado como Naelson Dias Fran\u00e7a, 28 anos. O homem fugiu ap\u00f3s o tiroteio, mas foi encontrado por uma guarni\u00e7\u00e3o. Ele come\u00e7ou uma troca de tiros e foi morto no confronto.<\/p>\n<p style=\"text-align: justify;\"><img fetchpriority=\"high\" decoding=\"async\" class=\"size-thumbnail wp-image-4869 aligncenter\" src=\"https:\/\/www.portalalerta.com.br\/wp-content\/uploads\/2018\/02\/Auto-Escola-Nobre-720x181.jpg\" alt=\"\" width=\"720\" height=\"181\" srcset=\"https:\/\/www.portalalerta.com.br\/wp-content\/uploads\/2018\/02\/Auto-Escola-Nobre.jpg 720w, https:\/\/www.portalalerta.com.br\/wp-content\/uploads\/2018\/02\/Auto-Escola-Nobre-260x65.jpg 260w, https:\/\/www.portalalerta.com.br\/wp-content\/uploads\/2018\/02\/Auto-Escola-Nobre-50x13.jpg 50w, https:\/\/www.portalalerta.com.br\/wp-content\/uploads\/2018\/02\/Auto-Escola-Nobre-150x38.jpg 150w\" sizes=\"(max-width: 720px) 100vw, 720px\" \/>A ex-companheira dele, identificada como Daniela Matos dos Santos, 37 anos,, foi baleada durante o atentado. Ela foi socorrida para um hospital e chegou consciente na unidade, mas seu estado de sa\u00fade inspira cuidados.<\/p>\n<figure id=\"attachment_20709\" aria-describedby=\"caption-attachment-20709\" style=\"width: 350px\" class=\"wp-caption aligncenter\"><img decoding=\"async\" class=\"wp-image-20709 size-full\" src=\"https:\/\/www.portalalerta.com.br\/wp-content\/uploads\/2020\/01\/trag\u00e9dia-em-Uau\u00e1-2020.2.jpg\" alt=\"\" width=\"350\" height=\"350\" srcset=\"https:\/\/www.portalalerta.com.br\/wp-content\/uploads\/2020\/01\/trag\u00e9dia-em-Uau\u00e1-2020.2.jpg 350w, https:\/\/www.portalalerta.com.br\/wp-content\/uploads\/2020\/01\/trag\u00e9dia-em-Uau\u00e1-2020.2-240x240.jpg 240w, https:\/\/www.portalalerta.com.br\/wp-content\/uploads\/2020\/01\/trag\u00e9dia-em-Uau\u00e1-2020.2-146x146.jpg 146w, https:\/\/www.portalalerta.com.br\/wp-content\/uploads\/2020\/01\/trag\u00e9dia-em-Uau\u00e1-2020.2-50x50.jpg 50w, https:\/\/www.portalalerta.com.br\/wp-content\/uploads\/2020\/01\/trag\u00e9dia-em-Uau\u00e1-2020.2-75x75.jpg 75w, https:\/\/www.portalalerta.com.br\/wp-content\/uploads\/2020\/01\/trag\u00e9dia-em-Uau\u00e1-2020.2-85x85.jpg 85w, https:\/\/www.portalalerta.com.br\/wp-content\/uploads\/2020\/01\/trag\u00e9dia-em-Uau\u00e1-2020.2-80x80.jpg 80w\" sizes=\"(max-width: 350px) 100vw, 350px\" \/><figcaption id=\"caption-attachment-20709\" class=\"wp-caption-text\">Naelson morreu em confronto com a pol\u00edcia<\/figcaption><\/figure>\n<p style=\"text-align: justify;\">Ainda de acordo com a Pol\u00edcia Militar, foi encontrado com Naelson o rev\u00f3lver calibre 38 utilizado no homic\u00eddio e na tentativa, al\u00e9m de\u00a0uma motocicleta\u00a0usada para a fuga. O caso foi registrado na Delegacia Territorial de Juazeiro, que vai investigar a a\u00e7\u00e3o. O corpo da crian\u00e7a foi levado para o Instituto M\u00e9dico Legal (IML) de Juazeiro e n\u00e3o h\u00e1 informa\u00e7\u00f5es sobre o hor\u00e1rio e local do sepultamento.<\/p>\n<figure id=\"attachment_20708\" aria-describedby=\"caption-attachment-20708\" style=\"width: 500px\" class=\"wp-caption aligncenter\"><img decoding=\"async\" class=\"wp-image-20708 size-full\" src=\"https:\/\/www.portalalerta.com.br\/wp-content\/uploads\/2020\/01\/trag\u00e9dia-em-Uau\u00e1-2020.1.jpg\" alt=\"\" width=\"500\" height=\"400\" srcset=\"https:\/\/www.portalalerta.com.br\/wp-content\/uploads\/2020\/01\/trag\u00e9dia-em-Uau\u00e1-2020.1.jpg 500w, https:\/\/www.portalalerta.com.br\/wp-content\/uploads\/2020\/01\/trag\u00e9dia-em-Uau\u00e1-2020.1-300x240.jpg 300w, https:\/\/www.portalalerta.com.br\/wp-content\/uploads\/2020\/01\/trag\u00e9dia-em-Uau\u00e1-2020.1-183x146.jpg 183w, https:\/\/www.portalalerta.com.br\/wp-content\/uploads\/2020\/01\/trag\u00e9dia-em-Uau\u00e1-2020.1-50x40.jpg 50w, https:\/\/www.portalalerta.com.br\/wp-content\/uploads\/2020\/01\/trag\u00e9dia-em-Uau\u00e1-2020.1-94x75.jpg 94w\" sizes=\"(max-width: 500px) 100vw, 500px\" \/><figcaption id=\"caption-attachment-20708\" class=\"wp-caption-text\">Arma de fogo utilizada no crime<\/figcaption><\/figure>\n<p style=\"text-align: justify;\"><em>Fonte: cn1<\/em><\/p>\n","protected":false},"excerpt":{"rendered":"<p>O pequeno munic\u00edpio de Uau\u00e1-BA, viveu momentos de tens\u00e3o na manh\u00e3 desta sexta-feira (3\/11). Um homem entrou num supermercado onde sua ex-namorada trabalhava e come\u00e7ou a atirar. Um dos proj\u00e9teis atingiu uma crian\u00e7a\u00a0de 9 anos, que n\u00e3o resistiu.<\/p>\n","protected":false},"author":2,"featured_media":20710,"comment_status":"open","ping_status":"open","sticky":false,"template":"","format":"standard","meta":{"om_disable_all_campaigns":false,"_monsterinsights_skip_tracking":false,"_monsterinsights_sitenote_active":false,"_monsterinsights_sitenote_note":"","_monsterinsights_sitenote_category":0,"footnotes":""},"categories":[33,70,69,22],"tags":[178,128,206,169,79,105,365],"class_list":["post-20707","post","type-post","status-publish","format-standard","has-post-thumbnail","hentry","category-bahia","category-destaques","category-noticias2","category-seguranca","tag-confronto","tag-disparo-de-arma-de-fogo","tag-homicidio","tag-morte","tag-policia-militar","tag-tentativa-de-homicidio","tag-uaua"],"aioseo_notices":[],"_links":{"self":[{"href":"https:\/\/www.portalalerta.com.br\/index.php\/wp-json\/wp\/v2\/posts\/20707","targetHints":{"allow":["GET"]}}],"collection":[{"href":"https:\/\/www.portalalerta.com.br\/index.php\/wp-json\/wp\/v2\/posts"}],"about":[{"href":"https:\/\/www.portalalerta.com.br\/index.php\/wp-json\/wp\/v2\/types\/post"}],"author":[{"embeddable":true,"href":"https:\/\/www.portalalerta.com.br\/index.php\/wp-json\/wp\/v2\/users\/2"}],"replies":[{"embeddable":true,"href":"https:\/\/www.portalalerta.com.br\/index.php\/wp-json\/wp\/v2\/comments?post=20707"}],"version-history":[{"count":1,"href":"https:\/\/www.portalalerta.com.br\/index.php\/wp-json\/wp\/v2\/posts\/20707\/revisions"}],"predecessor-version":[{"id":20711,"href":"https:\/\/www.portalalerta.com.br\/index.php\/wp-json\/wp\/v2\/posts\/20707\/revisions\/20711"}],"wp:featuredmedia":[{"embeddable":true,"href":"https:\/\/www.portalalerta.com.br\/index.php\/wp-json\/wp\/v2\/media\/20710"}],"wp:attachment":[{"href":"https:\/\/www.portalalerta.com.br\/index.php\/wp-json\/wp\/v2\/media?parent=20707"}],"wp:term":[{"taxonomy":"category","embeddable":true,"href":"https:\/\/www.portalalerta.com.br\/index.php\/wp-json\/wp\/v2\/categories?post=20707"},{"taxonomy":"post_tag","embeddable":true,"href":"https:\/\/www.portalalerta.com.br\/index.php\/wp-json\/wp\/v2\/tags?post=20707"}],"curies":[{"name":"wp","href":"https:\/\/api.w.org\/{rel}","templated":true}]}}