{"id":20713,"date":"2020-01-04T17:00:26","date_gmt":"2020-01-04T20:00:26","guid":{"rendered":"https:\/\/www.portalalerta.com.br\/?p=20713"},"modified":"2020-01-04T17:00:26","modified_gmt":"2020-01-04T20:00:26","slug":"mancha-criminal-de-adustina-ba-ano-2019","status":"publish","type":"post","link":"https:\/\/www.portalalerta.com.br\/index.php\/2020\/01\/04\/mancha-criminal-de-adustina-ba-ano-2019\/","title":{"rendered":"Mancha Criminal de Adustina-BA, ano 2019"},"content":{"rendered":"<p style=\"text-align: justify;\">Em 2019, Adustina-BA registrou apenas um homic\u00eddio. O fato aconteceu no dia 27 de agosto, na Rua do Sal, quando Vagner Santos da Cruz (Paulista), foi alvejado por disparos de arma de fogo, sendo socorrido por policiais, para o Hospital Municipal local, onde evoluiu a \u00f3bito. De acordo com informa\u00e7\u00f5es preliminares, \u201cPaulista\u201d era natural de Lagarto-SE.<!--more--><\/p>\n<p style=\"text-align: justify;\">Atualmente Adustina \u00e9 habitada por 16.784 pessoas, de acordo com o \u00faltimo levantamento do IBGE. Desta forma, analisando em propor\u00e7\u00e3o, ficou com uma m\u00e9dia de 6 homic\u00eddios para cada 100.000 habitantes, mantendo o \u00edndice de um homic\u00eddio durante todo o ano.<\/p>\n<p style=\"text-align: justify;\">Por fim, se concluiu que o m\u00eas mais violento do ano foi agosto, per\u00edodo em que aconteceu o referido crime, cuja causa e motiva\u00e7\u00e3o ficaram sob a investiga\u00e7\u00e3o da Pol\u00edcia Civil.<\/p>\n<p style=\"text-align: justify;\">Vale ressaltar que estes dados s\u00e3o baseados em mat\u00e9rias jornal\u00edsticas do site PORTAL ALERTA, n\u00e3o incluindo mortes por interven\u00e7\u00f5es policiais, o que pode ser contestadas pelas autoridades policiais.<\/p>\n<p style=\"text-align: justify;\"><strong>Confira o Mapa:<\/strong><\/p>\n<p style=\"text-align: justify;\"><img fetchpriority=\"high\" decoding=\"async\" class=\"aligncenter wp-image-20714 size-full\" src=\"https:\/\/www.portalalerta.com.br\/wp-content\/uploads\/2020\/01\/Mancha-Criminal-Homic\u00eddios-Adustina-2019.jpg\" alt=\"\" width=\"700\" height=\"400\" srcset=\"https:\/\/www.portalalerta.com.br\/wp-content\/uploads\/2020\/01\/Mancha-Criminal-Homic\u00eddios-Adustina-2019.jpg 700w, https:\/\/www.portalalerta.com.br\/wp-content\/uploads\/2020\/01\/Mancha-Criminal-Homic\u00eddios-Adustina-2019-420x240.jpg 420w, https:\/\/www.portalalerta.com.br\/wp-content\/uploads\/2020\/01\/Mancha-Criminal-Homic\u00eddios-Adustina-2019-256x146.jpg 256w, https:\/\/www.portalalerta.com.br\/wp-content\/uploads\/2020\/01\/Mancha-Criminal-Homic\u00eddios-Adustina-2019-50x29.jpg 50w, https:\/\/www.portalalerta.com.br\/wp-content\/uploads\/2020\/01\/Mancha-Criminal-Homic\u00eddios-Adustina-2019-131x75.jpg 131w\" sizes=\"(max-width: 700px) 100vw, 700px\" \/><a href=\"https:\/\/www.portalalerta.com.br\/index.php\/2019\/08\/29\/homem-natural-de-lagarto-e-vitima-de-homicidio-no-municipio-baiano-de-adustina-ba\/\"><strong>1 \u2013 Vagner Santos da Cruz, idade n\u00e3o divulgada, em \u00a027\/08\/2019\u00a0\u00a0<\/strong><\/a><\/p>\n<p style=\"text-align: justify;\"><strong>Local:<\/strong> Rua do Sal<\/p>\n<p style=\"text-align: justify;\"><strong>Meio Utilizado:<\/strong> Arma de Fogo<\/p>\n<p style=\"text-align: justify;\"><strong>Poss\u00edvel Motiva\u00e7\u00e3o:<\/strong> N\u00e3o informado<\/p>\n<p style=\"text-align: justify;\">\n<p>&nbsp;<\/p>\n<p style=\"text-align: justify;\">Confira o gr\u00e1fico com o comparativo mensal, entre os anos 2018 e 2019:<\/p>\n<p style=\"text-align: justify;\"><em><img decoding=\"async\" class=\"aligncenter wp-image-20715 size-full\" src=\"https:\/\/www.portalalerta.com.br\/wp-content\/uploads\/2020\/01\/Comparativo-Mensal-de-Homic\u00eddios-em-Adustina-2018-e-2019.jpg\" alt=\"\" width=\"550\" height=\"350\" srcset=\"https:\/\/www.portalalerta.com.br\/wp-content\/uploads\/2020\/01\/Comparativo-Mensal-de-Homic\u00eddios-em-Adustina-2018-e-2019.jpg 550w, https:\/\/www.portalalerta.com.br\/wp-content\/uploads\/2020\/01\/Comparativo-Mensal-de-Homic\u00eddios-em-Adustina-2018-e-2019-377x240.jpg 377w, https:\/\/www.portalalerta.com.br\/wp-content\/uploads\/2020\/01\/Comparativo-Mensal-de-Homic\u00eddios-em-Adustina-2018-e-2019-229x146.jpg 229w, https:\/\/www.portalalerta.com.br\/wp-content\/uploads\/2020\/01\/Comparativo-Mensal-de-Homic\u00eddios-em-Adustina-2018-e-2019-50x32.jpg 50w, https:\/\/www.portalalerta.com.br\/wp-content\/uploads\/2020\/01\/Comparativo-Mensal-de-Homic\u00eddios-em-Adustina-2018-e-2019-118x75.jpg 118w\" sizes=\"(max-width: 550px) 100vw, 550px\" \/>Reda\u00e7\u00e3o: Portal Alerta<\/em><\/p>\n","protected":false},"excerpt":{"rendered":"<p>Em 2019, Adustina-BA registrou apenas um homic\u00eddio. O fato aconteceu no dia 27 de agosto, na Rua do Sal, quando Vagner Santos da Cruz (Paulista), foi alvejado por disparos de arma de fogo, sendo socorrido por policiais, para o Hospital Municipal local, onde evoluiu a \u00f3bito. De acordo com informa\u00e7\u00f5es preliminares, \u201cPaulista\u201d era natural de &hellip;<\/p>\n","protected":false},"author":2,"featured_media":8522,"comment_status":"open","ping_status":"open","sticky":false,"template":"","format":"standard","meta":{"om_disable_all_campaigns":false,"_monsterinsights_skip_tracking":false,"_monsterinsights_sitenote_active":false,"_monsterinsights_sitenote_note":"","_monsterinsights_sitenote_category":0,"footnotes":""},"categories":[40,69,32,22],"tags":[1887,100,2074,500],"class_list":["post-20713","post","type-post","status-publish","format-standard","has-post-thumbnail","hentry","category-adustina","category-noticias2","category-regiao","category-seguranca","tag-1887","tag-adustina","tag-homicidios","tag-mancha-criminal"],"aioseo_notices":[],"_links":{"self":[{"href":"https:\/\/www.portalalerta.com.br\/index.php\/wp-json\/wp\/v2\/posts\/20713","targetHints":{"allow":["GET"]}}],"collection":[{"href":"https:\/\/www.portalalerta.com.br\/index.php\/wp-json\/wp\/v2\/posts"}],"about":[{"href":"https:\/\/www.portalalerta.com.br\/index.php\/wp-json\/wp\/v2\/types\/post"}],"author":[{"embeddable":true,"href":"https:\/\/www.portalalerta.com.br\/index.php\/wp-json\/wp\/v2\/users\/2"}],"replies":[{"embeddable":true,"href":"https:\/\/www.portalalerta.com.br\/index.php\/wp-json\/wp\/v2\/comments?post=20713"}],"version-history":[{"count":1,"href":"https:\/\/www.portalalerta.com.br\/index.php\/wp-json\/wp\/v2\/posts\/20713\/revisions"}],"predecessor-version":[{"id":20716,"href":"https:\/\/www.portalalerta.com.br\/index.php\/wp-json\/wp\/v2\/posts\/20713\/revisions\/20716"}],"wp:featuredmedia":[{"embeddable":true,"href":"https:\/\/www.portalalerta.com.br\/index.php\/wp-json\/wp\/v2\/media\/8522"}],"wp:attachment":[{"href":"https:\/\/www.portalalerta.com.br\/index.php\/wp-json\/wp\/v2\/media?parent=20713"}],"wp:term":[{"taxonomy":"category","embeddable":true,"href":"https:\/\/www.portalalerta.com.br\/index.php\/wp-json\/wp\/v2\/categories?post=20713"},{"taxonomy":"post_tag","embeddable":true,"href":"https:\/\/www.portalalerta.com.br\/index.php\/wp-json\/wp\/v2\/tags?post=20713"}],"curies":[{"name":"wp","href":"https:\/\/api.w.org\/{rel}","templated":true}]}}