{"id":20734,"date":"2020-01-05T14:43:33","date_gmt":"2020-01-05T17:43:33","guid":{"rendered":"https:\/\/www.portalalerta.com.br\/?p=20734"},"modified":"2020-01-05T14:43:33","modified_gmt":"2020-01-05T17:43:33","slug":"flu-de-feira-ja-conseguiu-patrocinador-para-bancar-salario-do-goleiro-bruno","status":"publish","type":"post","link":"https:\/\/www.portalalerta.com.br\/index.php\/2020\/01\/05\/flu-de-feira-ja-conseguiu-patrocinador-para-bancar-salario-do-goleiro-bruno\/","title":{"rendered":"Flu de Feira j\u00e1 conseguiu patrocinador para bancar sal\u00e1rio do goleiro Bruno"},"content":{"rendered":"<p style=\"text-align: justify;\">Apesar da\u00a0repercuss\u00e3o negativa nas redes sociais\u00a0contra a poss\u00edvel\u00a0contrata\u00e7\u00e3o do ex-goleiro do Flamengo, Bruno Fernandes, a\u00a0diretoria do Fluminense de Feira mant\u00e9m a inten\u00e7\u00e3o de contrat\u00e1-lo para o clube.<!--more--><\/p>\n<p style=\"text-align: justify;\">Presidente do Touro do Sert\u00e3o, o deputado estadual Pastor Tom informou que a vinda dele para disputar o campeonato baiano s\u00f3 est\u00e1 dependendo do poder judici\u00e1rio, que est\u00e1 em recesso, pois at\u00e9 um patrocinador para custear o sal\u00e1rio do jogador j\u00e1 est\u00e1 garantido.<\/p>\n<p style=\"text-align: justify;\">\u201cSempre falo que os fracos n\u00e3o tentam, os covardes desistem, mas os fortes conquistam pelo poder de Deus. Mesmo sendo bombardeado nas redes sociais por pessoas falando negativamente e outras positivamente acerca da vinda do goleiro Bruno, a gente j\u00e1 conseguiu um patrocinador para bancar o sal\u00e1rio dele nos quatro ou cinco meses que ele for ficar. O jur\u00eddico pediu para a gente se atentar ao tempo e estou aguardando o parecer para v\u00ea se tem como ele chegar em tempo para o campeonato e j\u00e1 come\u00e7ar a jogar dia 22. Segunda-feira, dia 6, faltam s\u00f3 15 dias, ent\u00e3o d\u00e1 tempo ele chegar. D\u00e1 tempo o poder judici\u00e1rio liberar a transfer\u00eancia dele para a Bahia, e estamos vendo isso agora\u201d, disse.<\/p>\n<p style=\"text-align: justify;\"><img fetchpriority=\"high\" decoding=\"async\" class=\"size-thumbnail wp-image-20354 aligncenter\" src=\"https:\/\/www.portalalerta.com.br\/wp-content\/uploads\/2019\/12\/Real-Natal-2019-720x222.jpeg\" alt=\"\" width=\"720\" height=\"222\" \/>Pastor Tom destacou que o jogador precisa chegar dentro deste prazo, caso contr\u00e1rio a contrata\u00e7\u00e3o n\u00e3o poder\u00e1 ser feita.<\/p>\n<p style=\"text-align: justify;\">\u201cO judici\u00e1rio est\u00e1 em recesso at\u00e9 esta semana e vamos trazer uma resposta segunda-feira. Acima de tudo sou Fluminense de Feira, acima de tudo sou Feira de Santana, ent\u00e3o tenho que ter paci\u00eancia e n\u00e3o agir pela emo\u00e7\u00e3o, tem que agir pela raz\u00e3o. Se os advogados disserem que conseguem que ele esteja aqui com cinco ou sete dias n\u00e3o vai ter dificuldade nenhuma para ele vim agora se passar disso infelizmente a gente vai deixar pra outra oportunidade\u201d, afirmou em entrevista ao Acorda Cidade.<\/p>\n<p style=\"text-align: justify;\">Sobre a repercuss\u00e3o negativa, o presidente do Fluminense de Feira voltou a falar sobre ressocializa\u00e7\u00e3o e disse que a defini\u00e7\u00e3o, junto ao Poder Judici\u00e1rio, sobre a contrata\u00e7\u00e3o de Bruno deve sair at\u00e9 a tarde de segunda-feira (6).<\/p>\n<p style=\"text-align: justify;\">\u201cFico triste porque a sociedade fala tanto em ressocializar as pessoas que foram presas um dia, as pessoas falam que tem faltado amor, tem falado de perd\u00e3o e numa situa\u00e7\u00e3o dessa a gente v\u00ea o \u00f3dio das pessoas. Sou um homem de Deus, n\u00e3o me preocupo com esse tipo de ataque porque entendo que quando algu\u00e9m me coloca pra baixo Deus me coloca pra cima ent\u00e3o \u00e9 vida de segue. At\u00e9 as 16h de segunda-feira teremos uma confirma\u00e7\u00e3o. Quem ganha com isso \u00e9 o Fluminense de Feira. Temos uma administra\u00e7\u00e3o transparente, vamos mostrar para as pessoas que o Fluminense \u00e9 um time grande que tem que voltar a dar alegria ao povo de Feira e ser conhecido com a terceira for\u00e7a da Bahia\u201d, declarou.<\/p>\n<p style=\"text-align: justify;\">Pastor Tom disse tamb\u00e9m que os patrocinadores do time deram apoio a contrata\u00e7\u00e3o \u201cpor entender que o Fluminense precisa de um jogador experiente como Bruno\u201d.<\/p>\n<p style=\"text-align: justify;\">Pelo assassinato da modelo Eliza Sam\u00fadio em 2010, Bruno foi condenado a 20 anos e nove meses pelos crimes de homic\u00eddio triplamente qualificado, sequestro e oculta\u00e7\u00e3o de cad\u00e1ver. Ap\u00f3s ter cumprido o tempo necess\u00e1rio para progress\u00e3o da pena, ele foi para o regime semiaberto e chegou a trabalhar por dois meses no clube mineiro Po\u00e7os de Caldas.<\/p>\n<p style=\"text-align: justify;\">O contrato dele com o time foi rescindido em comum acordo. Segundo o presidente do clube, Paulo C\u00e9sar Silva, o contrato n\u00e3o era vi\u00e1vel para nenhuma das partes envolvidas. Bruno tinha um sal\u00e1rio incompat\u00edvel com a realidade do Po\u00e7os de Caldas e estava com sal\u00e1rios atrasados.<\/p>\n<p style=\"text-align: justify;\"><em>Fonte: Acorda Cidade<\/em><\/p>\n","protected":false},"excerpt":{"rendered":"<p>Apesar da\u00a0repercuss\u00e3o negativa nas redes sociais\u00a0contra a poss\u00edvel\u00a0contrata\u00e7\u00e3o do ex-goleiro do Flamengo, Bruno Fernandes, a\u00a0diretoria do Fluminense de Feira mant\u00e9m a inten\u00e7\u00e3o de contrat\u00e1-lo para o clube.<\/p>\n","protected":false},"author":2,"featured_media":10733,"comment_status":"open","ping_status":"open","sticky":false,"template":"","format":"standard","meta":{"om_disable_all_campaigns":false,"_monsterinsights_skip_tracking":false,"_monsterinsights_sitenote_active":false,"_monsterinsights_sitenote_note":"","_monsterinsights_sitenote_category":0,"footnotes":""},"categories":[33,70,2,69],"tags":[54,3310,2942],"class_list":["post-20734","post","type-post","status-publish","format-standard","has-post-thumbnail","hentry","category-bahia","category-destaques","category-esportes","category-noticias2","tag-bahia","tag-fluminense-de-feira","tag-goleiro-bruno"],"aioseo_notices":[],"_links":{"self":[{"href":"https:\/\/www.portalalerta.com.br\/index.php\/wp-json\/wp\/v2\/posts\/20734","targetHints":{"allow":["GET"]}}],"collection":[{"href":"https:\/\/www.portalalerta.com.br\/index.php\/wp-json\/wp\/v2\/posts"}],"about":[{"href":"https:\/\/www.portalalerta.com.br\/index.php\/wp-json\/wp\/v2\/types\/post"}],"author":[{"embeddable":true,"href":"https:\/\/www.portalalerta.com.br\/index.php\/wp-json\/wp\/v2\/users\/2"}],"replies":[{"embeddable":true,"href":"https:\/\/www.portalalerta.com.br\/index.php\/wp-json\/wp\/v2\/comments?post=20734"}],"version-history":[{"count":1,"href":"https:\/\/www.portalalerta.com.br\/index.php\/wp-json\/wp\/v2\/posts\/20734\/revisions"}],"predecessor-version":[{"id":20735,"href":"https:\/\/www.portalalerta.com.br\/index.php\/wp-json\/wp\/v2\/posts\/20734\/revisions\/20735"}],"wp:featuredmedia":[{"embeddable":true,"href":"https:\/\/www.portalalerta.com.br\/index.php\/wp-json\/wp\/v2\/media\/10733"}],"wp:attachment":[{"href":"https:\/\/www.portalalerta.com.br\/index.php\/wp-json\/wp\/v2\/media?parent=20734"}],"wp:term":[{"taxonomy":"category","embeddable":true,"href":"https:\/\/www.portalalerta.com.br\/index.php\/wp-json\/wp\/v2\/categories?post=20734"},{"taxonomy":"post_tag","embeddable":true,"href":"https:\/\/www.portalalerta.com.br\/index.php\/wp-json\/wp\/v2\/tags?post=20734"}],"curies":[{"name":"wp","href":"https:\/\/api.w.org\/{rel}","templated":true}]}}